{"id":89806,"date":"2019-06-13T16:16:55","date_gmt":"2019-06-13T14:16:55","guid":{"rendered":"https:\/\/zjarr.tv\/?p=89806"},"modified":"2019-06-13T16:16:55","modified_gmt":"2019-06-13T14:16:55","slug":"kuvendi-miraton-rezoluten-per-presidentin-meta-si-u-votua","status":"publish","type":"post","link":"https:\/\/zjarr.tv\/en\/kuvendi-miraton-rezoluten-per-presidentin-meta-si-u-votua\/","title":{"rendered":"Kuvendi miraton rezolut\u00ebn p\u00ebr Presidentin Meta, si u votua"},"content":{"rendered":"<p>Kuvendi i Shqip\u00ebris\u00eb ka votuar rezolut\u00ebn kund\u00ebr Presidentit t\u00eb Republik\u00ebs Ilir Meta si nj\u00eb hap drejt vendimit t\u00eb maxhoranc\u00ebs p\u00ebr shkarkuar kreun e Shtetit. Ky vendim i artikuluar qart\u00eb nga maxhoranca erdhi pas dekretit t\u00eb Presidentit p\u00ebr anulimin e zgjedhjeve vendore t\u00eb 30 qershorit.<br \/>\n100 deputet\u00eb votuan pro rezolut\u00ebs, 2 abstenim, 7 kund\u00ebr dhe 1 pa votuar.<\/p>\n<p>&nbsp;<\/p>","protected":false},"excerpt":{"rendered":"<p>Kuvendi i Shqip\u00ebris\u00eb ka votuar rezolut\u00ebn kund\u00ebr Presidentit t\u00eb Republik\u00ebs Ilir Meta si nj\u00eb hap drejt vendimit t\u00eb maxhoranc\u00ebs p\u00ebr shkarkuar kreun e Shtetit. Ky vendim i artikuluar qart\u00eb nga maxhoranca erdhi pas dekretit t\u00eb Presidentit p\u00ebr anulimin e zgjedhjeve vendore t\u00eb 30 qershorit. 100 deputet\u00eb votuan pro rezolut\u00ebs, 2 abstenim, 7 kund\u00ebr dhe 1 [&hellip;]<\/p>\n","protected":false},"author":2013,"featured_media":89807,"comment_status":"open","ping_status":"closed","sticky":false,"template":"","format":"standard","meta":{"footnotes":""},"categories":[241,235],"tags":[],"class_list":{"0":"post-89806","1":"post","2":"type-post","3":"status-publish","4":"format-standard","5":"has-post-thumbnail","7":"category-aktualitet","8":"category-vendi"},"_links":{"self":[{"href":"https:\/\/zjarr.tv\/en\/wp-json\/wp\/v2\/posts\/89806","targetHints":{"allow":["GET"]}}],"collection":[{"href":"https:\/\/zjarr.tv\/en\/wp-json\/wp\/v2\/posts"}],"about":[{"href":"https:\/\/zjarr.tv\/en\/wp-json\/wp\/v2\/types\/post"}],"author":[{"embeddable":true,"href":"https:\/\/zjarr.tv\/en\/wp-json\/wp\/v2\/users\/2013"}],"replies":[{"embeddable":true,"href":"https:\/\/zjarr.tv\/en\/wp-json\/wp\/v2\/comments?post=89806"}],"version-history":[{"count":0,"href":"https:\/\/zjarr.tv\/en\/wp-json\/wp\/v2\/posts\/89806\/revisions"}],"wp:featuredmedia":[{"embeddable":true,"href":"https:\/\/zjarr.tv\/en\/wp-json\/wp\/v2\/media\/89807"}],"wp:attachment":[{"href":"https:\/\/zjarr.tv\/en\/wp-json\/wp\/v2\/media?parent=89806"}],"wp:term":[{"taxonomy":"category","embeddable":true,"href":"https:\/\/zjarr.tv\/en\/wp-json\/wp\/v2\/categories?post=89806"},{"taxonomy":"post_tag","embeddable":true,"href":"https:\/\/zjarr.tv\/en\/wp-json\/wp\/v2\/tags?post=89806"}],"curies":[{"name":"wp","href":"https:\/\/api.w.org\/{rel}","templated":true}]}}