{"id":89809,"date":"2019-06-13T16:42:26","date_gmt":"2019-06-13T14:42:26","guid":{"rendered":"https:\/\/zjarr.tv\/?p=89809"},"modified":"2019-06-13T16:42:26","modified_gmt":"2019-06-13T14:42:26","slug":"konsultat-e-presidentit-shpetim-idrizi-takim-me-presidetin-meta","status":"publish","type":"post","link":"https:\/\/zjarr.tv\/en\/konsultat-e-presidentit-shpetim-idrizi-takim-me-presidetin-meta\/","title":{"rendered":"Konsultat e presidentit\/ Shp\u00ebtim Idrizi takim me Presidetin Meta"},"content":{"rendered":"<p>Q\u00eb prej mbr\u00ebmjes s\u00eb t\u00eb m\u00ebrkur\u00ebs (12 qershor 2019) n\u00eb or\u00ebn 19:00 presidenti i Shqip\u00ebris\u00eb Ilir Meta ka nisur konsultat p\u00ebr t\u00eb caktuar nj\u00eb dat\u00eb t\u00eb re zgjedhjesh.<\/p>\n<p>T\u00eb par\u00ebt ishin an\u00ebtar\u00ebt e Grupit t\u00eb Qendr\u00ebs s\u00eb Djatht\u00eb q\u00eb e takuan Met\u00ebn.<\/p>\n<p>Sot ishte kreu i partis\u00eb Zgjidhja, Ko\u00e7o Kok\u00ebdhima i cili zhvilloi konsulta me presidentin.<\/p>\n<p>Nd\u00ebrsa mbr\u00ebmjen e sotme n\u00eb or\u00ebn 19:00 do t\u00eb jet\u00eb kreu i PDIU-s\u00eb, Shp\u00ebtim Idrizi ai i cili do t\u00eb zhvilloj\u00eb nj\u00eb takim konsultativ me presidentin Ilir Meta.<\/p>\n<p>&nbsp;<\/p>","protected":false},"excerpt":{"rendered":"<p>Q\u00eb prej mbr\u00ebmjes s\u00eb t\u00eb m\u00ebrkur\u00ebs (12 qershor 2019) n\u00eb or\u00ebn 19:00 presidenti i Shqip\u00ebris\u00eb Ilir Meta ka nisur konsultat p\u00ebr t\u00eb caktuar nj\u00eb dat\u00eb t\u00eb re zgjedhjesh. T\u00eb par\u00ebt ishin an\u00ebtar\u00ebt e Grupit t\u00eb Qendr\u00ebs s\u00eb Djatht\u00eb q\u00eb e takuan Met\u00ebn. Sot ishte kreu i partis\u00eb Zgjidhja, Ko\u00e7o Kok\u00ebdhima i cili zhvilloi konsulta me [&hellip;]<\/p>\n","protected":false},"author":2013,"featured_media":50953,"comment_status":"open","ping_status":"closed","sticky":false,"template":"","format":"standard","meta":{"footnotes":""},"categories":[241,235],"tags":[],"class_list":{"0":"post-89809","1":"post","2":"type-post","3":"status-publish","4":"format-standard","5":"has-post-thumbnail","7":"category-aktualitet","8":"category-vendi"},"_links":{"self":[{"href":"https:\/\/zjarr.tv\/en\/wp-json\/wp\/v2\/posts\/89809","targetHints":{"allow":["GET"]}}],"collection":[{"href":"https:\/\/zjarr.tv\/en\/wp-json\/wp\/v2\/posts"}],"about":[{"href":"https:\/\/zjarr.tv\/en\/wp-json\/wp\/v2\/types\/post"}],"author":[{"embeddable":true,"href":"https:\/\/zjarr.tv\/en\/wp-json\/wp\/v2\/users\/2013"}],"replies":[{"embeddable":true,"href":"https:\/\/zjarr.tv\/en\/wp-json\/wp\/v2\/comments?post=89809"}],"version-history":[{"count":0,"href":"https:\/\/zjarr.tv\/en\/wp-json\/wp\/v2\/posts\/89809\/revisions"}],"wp:featuredmedia":[{"embeddable":true,"href":"https:\/\/zjarr.tv\/en\/wp-json\/wp\/v2\/media\/50953"}],"wp:attachment":[{"href":"https:\/\/zjarr.tv\/en\/wp-json\/wp\/v2\/media?parent=89809"}],"wp:term":[{"taxonomy":"category","embeddable":true,"href":"https:\/\/zjarr.tv\/en\/wp-json\/wp\/v2\/categories?post=89809"},{"taxonomy":"post_tag","embeddable":true,"href":"https:\/\/zjarr.tv\/en\/wp-json\/wp\/v2\/tags?post=89809"}],"curies":[{"name":"wp","href":"https:\/\/api.w.org\/{rel}","templated":true}]}}