{"id":89817,"date":"2019-06-13T17:11:23","date_gmt":"2019-06-13T15:11:23","guid":{"rendered":"https:\/\/zjarr.tv\/?p=89817"},"modified":"2019-06-13T17:11:23","modified_gmt":"2019-06-13T15:11:23","slug":"kreu-i-apelit-ne-vetting-denoncim-nga-koleget-favorizoi-bashkeshortin-e-ermonela-felajt","status":"publish","type":"post","link":"https:\/\/zjarr.tv\/en\/kreu-i-apelit-ne-vetting-denoncim-nga-koleget-favorizoi-bashkeshortin-e-ermonela-felajt\/","title":{"rendered":"Kreu i Apelit n\u00eb vetting, denoncim nga koleg\u00ebt: Favorizoi bashk\u00ebshortin e Ermonela Felajt"},"content":{"rendered":"<p>Kryetari i Gjykat\u00ebs s\u00eb Apelit Administrativ Kastriot Selita u p\u00ebrball me komisionin e vettingut. Sipas hetimit t\u00eb KPK-s\u00eb Selita rezulton se ka n\u00eb pron\u00ebsi tri apartamente \u00a0dy prej t\u00eb cilave n\u00eb Tiran\u00eb dhe nj\u00eb dubleks banimi n\u00eb Gjirin e Lalzit.<\/p>\n<p>Por nga hetimi, KPK ka konstatuar se kryegjyqtari ka mund\u00ebsi financiare p\u00ebr t\u00eb justifikuar k\u00ebt\u00eb pasuri nisur edhe nga nj\u00eb trash\u00ebgimi e bashk\u00ebshortes, e cila para martese ishte pronare e nj\u00eb banes\u00eb n\u00eb Tiran\u00eb nga shitja e te cil\u00ebs kishte mund\u00ebsuar edhe blerjen e \u00a0apartamenteve.<\/p>\n<p>Por ndaj kryegjyqtarit ishin paraqitur ne KPK nj\u00eb denoncim nga nj\u00eb grup gjyqtar\u00ebsh t\u00eb Apelit Administrativ ku pretendohej se n\u00eb \u00e7\u00ebshtjen e vitit 2016 t\u00eb Bledar Valikaj \u00a0bashk\u00ebshorti i deputetes \u00a0Ermonela Felaj dhe Presidentit te Republik\u00ebs kishte nj\u00eb komplikim juridik. Sipas denoncimit \u00a0trupi gjykues ku b\u00ebnte pjese edhe Selita ka luajtur rol aktiv ne urdh\u00ebrimin e KLP-s\u00eb. \u00a0Por sipas Selit\u00ebs vendimi nuk ka qen\u00eb detyrues ndaj KLP p\u00ebr t\u00eb nd\u00ebrmarr\u00eb veprime ekstra ligjore. Nd\u00ebrkoh\u00eb nj\u00eb tjet\u00ebr denoncim p\u00ebr gjyqtarin e apeli t\u00eb administrativ \u00a0ishte bere edhe ne lidhje me figur\u00ebn. Po nj\u00eb grup koleg\u00ebsh t\u00eb tij \u00a0gjyqtar\u00eb t\u00eb k\u00ebsaj gjykate e kishin denoncuar p\u00ebr kontakte \u00a0me nj\u00eb person t\u00eb pap\u00ebrshtatsh\u00ebm \u00a0me inicialet L.H \u00a0element sipas tyre i p\u00ebrfshire n\u00eb krime n\u00eb fush\u00ebn narkotike dhe evazionit fiskal.<\/p>\n<p>Ky pretendim \u00ebsht\u00eb hedhur posht\u00eb nga selita por edhe vet\u00eb KPK ka konstatuar se nga verifikimet e kryera informacioni nuk kishte rezultuar i v\u00ebrtet\u00eb. T\u00eb Enjten doli para kpk edhe drejtuesja e prokuroris\u00eb se Elbasanit Enkelejda Millonai i cila rezultoi pa probleme n\u00eb tri kriteret.<\/p>\n<p>&nbsp;<\/p>","protected":false},"excerpt":{"rendered":"<p>Kryetari i Gjykat\u00ebs s\u00eb Apelit Administrativ Kastriot Selita u p\u00ebrball me komisionin e vettingut. Sipas hetimit t\u00eb KPK-s\u00eb Selita rezulton se ka n\u00eb pron\u00ebsi tri apartamente \u00a0dy prej t\u00eb cilave n\u00eb Tiran\u00eb dhe nj\u00eb dubleks banimi n\u00eb Gjirin e Lalzit. Por nga hetimi, KPK ka konstatuar se kryegjyqtari ka mund\u00ebsi financiare p\u00ebr t\u00eb justifikuar k\u00ebt\u00eb [&hellip;]<\/p>\n","protected":false},"author":2013,"featured_media":89818,"comment_status":"open","ping_status":"closed","sticky":false,"template":"","format":"standard","meta":{"footnotes":""},"categories":[241,235],"tags":[],"class_list":{"0":"post-89817","1":"post","2":"type-post","3":"status-publish","4":"format-standard","5":"has-post-thumbnail","7":"category-aktualitet","8":"category-vendi"},"_links":{"self":[{"href":"https:\/\/zjarr.tv\/en\/wp-json\/wp\/v2\/posts\/89817","targetHints":{"allow":["GET"]}}],"collection":[{"href":"https:\/\/zjarr.tv\/en\/wp-json\/wp\/v2\/posts"}],"about":[{"href":"https:\/\/zjarr.tv\/en\/wp-json\/wp\/v2\/types\/post"}],"author":[{"embeddable":true,"href":"https:\/\/zjarr.tv\/en\/wp-json\/wp\/v2\/users\/2013"}],"replies":[{"embeddable":true,"href":"https:\/\/zjarr.tv\/en\/wp-json\/wp\/v2\/comments?post=89817"}],"version-history":[{"count":0,"href":"https:\/\/zjarr.tv\/en\/wp-json\/wp\/v2\/posts\/89817\/revisions"}],"wp:featuredmedia":[{"embeddable":true,"href":"https:\/\/zjarr.tv\/en\/wp-json\/wp\/v2\/media\/89818"}],"wp:attachment":[{"href":"https:\/\/zjarr.tv\/en\/wp-json\/wp\/v2\/media?parent=89817"}],"wp:term":[{"taxonomy":"category","embeddable":true,"href":"https:\/\/zjarr.tv\/en\/wp-json\/wp\/v2\/categories?post=89817"},{"taxonomy":"post_tag","embeddable":true,"href":"https:\/\/zjarr.tv\/en\/wp-json\/wp\/v2\/tags?post=89817"}],"curies":[{"name":"wp","href":"https:\/\/api.w.org\/{rel}","templated":true}]}}