{"id":90122,"date":"2019-06-15T11:17:36","date_gmt":"2019-06-15T09:17:36","guid":{"rendered":"https:\/\/zjarr.tv\/?p=90122"},"modified":"2019-06-15T11:17:36","modified_gmt":"2019-06-15T09:17:36","slug":"arrestimi-i-gazetares-koleget-i-dalin-ne-mbrojtje-liri-per-suelen","status":"publish","type":"post","link":"https:\/\/zjarr.tv\/en\/arrestimi-i-gazetares-koleget-i-dalin-ne-mbrojtje-liri-per-suelen\/","title":{"rendered":"Arrestimi i gazetares, koleg\u00ebt i dalin n\u00eb mbrojtje: Liri p\u00ebr Suel\u00ebn!"},"content":{"rendered":"<p>Suela Musta \u00ebsht\u00eb nj\u00eb gazetare dhe zyrtare e AMA-s, e cila u arrestua gjat\u00eb operacionit Krasta e Elbasanit me akuz\u00ebn e korrupsionit, pasi rezultoi se i dha licens\u00ebn e kabllorit \u00c7apjave.<\/p>\n<p>Por n\u00eb mbrojtje t\u00eb saj kan\u00eb dal\u00eb t\u00eb gjith\u00eb koleg\u00ebt gazetare, n\u00eb nj\u00eb fushat\u00eb sensibilizuese, duke k\u00ebrkuar lirimin e saj.<\/p>\n<p>Gazetar\u00ebt k\u00ebrkojn\u00eb lirimin e vajz\u00ebs, q\u00eb e quajn\u00eb simbol i vuajtjeve n\u00eb komuniz\u00ebm.<\/p>\n<p><strong>Mesazhi sensibilizues p\u00ebr lirimin e Suela Must\u00ebs<\/strong><\/p>\n<p>E rritur n\u00ebp\u00ebr kampe internimi, e edukuar nga nj\u00eb familje fisnike e atdhetare, Suela Musta, bija e Agim Must\u00ebs, me gjas\u00eb shqiptarit q\u00eb ka vuajtur m\u00eb s\u00eb shumti vjet n\u00eb burgjet e komunizmit, s&#8217;mund t\u00eb jet\u00eb pjes\u00eb e krimit t\u00eb organizuar.<\/p>\n<p>As shkel\u00ebse e ligjit a Kushtetut\u00ebs s\u00eb Shqip\u00ebris\u00eb. Ajo s&#8217;mund t\u00eb trajtohet si kriminele. Sepse askush nuk e njeh si t\u00eb till\u00eb. P\u00ebrve\u00e7 atyre q\u00eb ujkun e kan\u00eb para syve, e b\u00ebhen sikur vrapojn\u00eb pas gjurm\u00ebve.<\/p>\n<p>Historia do t\u00eb p\u00ebrs\u00ebritet. Sikur babait t\u00eb saj, Agim Must\u00ebs, edhe Suela Must\u00ebs, shoq\u00ebria shqiptare do t\u00eb detyrohet t&#8217;i k\u00ebrkoj ndjes\u00eb. Ve\u00e7 Suel\u00ebs, shpresoj m\u00eb shpejt se babait t\u00eb saj.<\/p>\n<p>Prandaj, m\u00eb s\u00eb paku \u00e7far\u00eb mund t\u00eb b\u00ebhet \u00ebsht\u00eb t&#8217;i mund\u00ebsohet Suel\u00ebs t\u00eb mbrohet n\u00eb liri nga akuzat q\u00eb i jan\u00eb veshur.<\/p>\n<p>Ajo do t\u00eb dij\u00eb ta mbroj\u00eb nderin e vet dhe t\u00eb familjes s\u00eb vet.<\/p>\n<p>#Lirip\u00ebrSuel\u00ebn#<\/p>\n<p>Kursi i Gazetarise 1995-1999<\/p>","protected":false},"excerpt":{"rendered":"<p>Suela Musta \u00ebsht\u00eb nj\u00eb gazetare dhe zyrtare e AMA-s, e cila u arrestua gjat\u00eb operacionit Krasta e Elbasanit me akuz\u00ebn e korrupsionit, pasi rezultoi se i dha licens\u00ebn e kabllorit \u00c7apjave. Por n\u00eb mbrojtje t\u00eb saj kan\u00eb dal\u00eb t\u00eb gjith\u00eb koleg\u00ebt gazetare, n\u00eb nj\u00eb fushat\u00eb sensibilizuese, duke k\u00ebrkuar lirimin e saj. Gazetar\u00ebt k\u00ebrkojn\u00eb lirimin e [&hellip;]<\/p>\n","protected":false},"author":4,"featured_media":90124,"comment_status":"open","ping_status":"closed","sticky":false,"template":"","format":"standard","meta":{"footnotes":""},"categories":[241,231,235],"tags":[],"class_list":{"0":"post-90122","1":"post","2":"type-post","3":"status-publish","4":"format-standard","5":"has-post-thumbnail","7":"category-aktualitet","8":"category-lajme","9":"category-vendi"},"_links":{"self":[{"href":"https:\/\/zjarr.tv\/en\/wp-json\/wp\/v2\/posts\/90122","targetHints":{"allow":["GET"]}}],"collection":[{"href":"https:\/\/zjarr.tv\/en\/wp-json\/wp\/v2\/posts"}],"about":[{"href":"https:\/\/zjarr.tv\/en\/wp-json\/wp\/v2\/types\/post"}],"author":[{"embeddable":true,"href":"https:\/\/zjarr.tv\/en\/wp-json\/wp\/v2\/users\/4"}],"replies":[{"embeddable":true,"href":"https:\/\/zjarr.tv\/en\/wp-json\/wp\/v2\/comments?post=90122"}],"version-history":[{"count":0,"href":"https:\/\/zjarr.tv\/en\/wp-json\/wp\/v2\/posts\/90122\/revisions"}],"wp:featuredmedia":[{"embeddable":true,"href":"https:\/\/zjarr.tv\/en\/wp-json\/wp\/v2\/media\/90124"}],"wp:attachment":[{"href":"https:\/\/zjarr.tv\/en\/wp-json\/wp\/v2\/media?parent=90122"}],"wp:term":[{"taxonomy":"category","embeddable":true,"href":"https:\/\/zjarr.tv\/en\/wp-json\/wp\/v2\/categories?post=90122"},{"taxonomy":"post_tag","embeddable":true,"href":"https:\/\/zjarr.tv\/en\/wp-json\/wp\/v2\/tags?post=90122"}],"curies":[{"name":"wp","href":"https:\/\/api.w.org\/{rel}","templated":true}]}}