{"id":90126,"date":"2019-06-15T11:25:24","date_gmt":"2019-06-15T09:25:24","guid":{"rendered":"https:\/\/zjarr.tv\/?p=90126"},"modified":"2019-06-15T11:25:24","modified_gmt":"2019-06-15T09:25:24","slug":"vrasja-e-kreut-te-njesise-administrative-kote-burg-per-3-autoret","status":"publish","type":"post","link":"https:\/\/zjarr.tv\/en\/vrasja-e-kreut-te-njesise-administrative-kote-burg-per-3-autoret\/","title":{"rendered":"Vrasja e kreut t\u00eb nj\u00ebsis\u00eb administrative Kot\u00eb, burg p\u00ebr 3 autor\u00ebt"},"content":{"rendered":"<p>Gjykata e Vlor\u00ebs ka l\u00ebn\u00eb n\u00eb burg tre autor\u00ebt e dyshuar p\u00ebr vrasjen e kreut t\u00eb nj\u00ebsis\u00eb\u00a0 administrativ\u00eb Kot\u00eb, Argjil Gjoka.<\/p>\n<p>Ata jan\u00eb Arif, Ja\u00e7e dhe Namik Bejtaj. T\u00eb 3 autor\u00ebt e vrasjes rezultojn\u00eb t\u00eb af\u00ebrm me nj\u00ebri-tjetrin. Administratori Gjoka u vra pasditen e 11 qershorit sapo kishte dal\u00eb nga sht\u00ebpia p\u00ebr t\u00eb inspektuar rrug\u00ebn ku po kryheshin disa\u00a0 punime.<\/p>\n<p>Ai u q\u00ebllua me arm\u00eb n\u00eb gjoks dhe nd\u00ebrroi jet\u00eb n\u00eb spitalin e Vlor\u00ebs. Po k\u00ebshtu n\u00eb konfliktin me arm\u00eb midis disa personave mbeti i plagosur dhe nj\u00eb 19-vje\u00e7ar.<\/p>","protected":false},"excerpt":{"rendered":"<p>Gjykata e Vlor\u00ebs ka l\u00ebn\u00eb n\u00eb burg tre autor\u00ebt e dyshuar p\u00ebr vrasjen e kreut t\u00eb nj\u00ebsis\u00eb\u00a0 administrativ\u00eb Kot\u00eb, Argjil Gjoka. Ata jan\u00eb Arif, Ja\u00e7e dhe Namik Bejtaj. T\u00eb 3 autor\u00ebt e vrasjes rezultojn\u00eb t\u00eb af\u00ebrm me nj\u00ebri-tjetrin. Administratori Gjoka u vra pasditen e 11 qershorit sapo kishte dal\u00eb nga sht\u00ebpia p\u00ebr t\u00eb inspektuar rrug\u00ebn [&hellip;]<\/p>\n","protected":false},"author":4,"featured_media":90127,"comment_status":"open","ping_status":"closed","sticky":false,"template":"","format":"standard","meta":{"footnotes":""},"categories":[241,231,235],"tags":[],"class_list":{"0":"post-90126","1":"post","2":"type-post","3":"status-publish","4":"format-standard","5":"has-post-thumbnail","7":"category-aktualitet","8":"category-lajme","9":"category-vendi"},"_links":{"self":[{"href":"https:\/\/zjarr.tv\/en\/wp-json\/wp\/v2\/posts\/90126","targetHints":{"allow":["GET"]}}],"collection":[{"href":"https:\/\/zjarr.tv\/en\/wp-json\/wp\/v2\/posts"}],"about":[{"href":"https:\/\/zjarr.tv\/en\/wp-json\/wp\/v2\/types\/post"}],"author":[{"embeddable":true,"href":"https:\/\/zjarr.tv\/en\/wp-json\/wp\/v2\/users\/4"}],"replies":[{"embeddable":true,"href":"https:\/\/zjarr.tv\/en\/wp-json\/wp\/v2\/comments?post=90126"}],"version-history":[{"count":0,"href":"https:\/\/zjarr.tv\/en\/wp-json\/wp\/v2\/posts\/90126\/revisions"}],"wp:featuredmedia":[{"embeddable":true,"href":"https:\/\/zjarr.tv\/en\/wp-json\/wp\/v2\/media\/90127"}],"wp:attachment":[{"href":"https:\/\/zjarr.tv\/en\/wp-json\/wp\/v2\/media?parent=90126"}],"wp:term":[{"taxonomy":"category","embeddable":true,"href":"https:\/\/zjarr.tv\/en\/wp-json\/wp\/v2\/categories?post=90126"},{"taxonomy":"post_tag","embeddable":true,"href":"https:\/\/zjarr.tv\/en\/wp-json\/wp\/v2\/tags?post=90126"}],"curies":[{"name":"wp","href":"https:\/\/api.w.org\/{rel}","templated":true}]}}