{"id":90129,"date":"2019-06-15T11:50:09","date_gmt":"2019-06-15T09:50:09","guid":{"rendered":"https:\/\/zjarr.tv\/?p=90129"},"modified":"2019-06-15T11:50:09","modified_gmt":"2019-06-15T09:50:09","slug":"blic-ne-vlore-policia-dhe-fnsh-kontrolle-te-befasishme-ne-oret-e-para-te-mengjesit","status":"publish","type":"post","link":"https:\/\/zjarr.tv\/en\/blic-ne-vlore-policia-dhe-fnsh-kontrolle-te-befasishme-ne-oret-e-para-te-mengjesit\/","title":{"rendered":"&#8216;Blic&#8217; n\u00eb Vlor\u00eb, policia dhe FNSH kontrolle t\u00eb befasishme n\u00eb or\u00ebt e para t\u00eb m\u00ebngjesit"},"content":{"rendered":"<p>Nj\u00ebsia operacionale, FNSH dhe policia e Vlor\u00ebs kan\u00eb nisur disa kontrolle n\u00eb or\u00ebt e para t\u00eb m\u00ebngjesit t\u00eb sot\u00ebm.<\/p>\n<p>Kontrollet jan\u00eb zhvilluar n\u00eb qytet por jan\u00eb shtrir\u00eb edhe pran\u00eb lumit t\u00eb Vlor\u00ebs t\u00eb cilat njihen p\u00ebr kultivimin e l\u00ebnd\u00ebve narkotike.<\/p>\n<p>Aksioni \u00ebsht\u00eb zhvilluar n\u00eb vrazhd\u00ebn e kontrolleve t\u00eb m\u00ebparshme\u00a0 p\u00ebr kapjen e personave t\u00eb shpallur n\u00eb k\u00ebrkim.<\/p>","protected":false},"excerpt":{"rendered":"<p>Nj\u00ebsia operacionale, FNSH dhe policia e Vlor\u00ebs kan\u00eb nisur disa kontrolle n\u00eb or\u00ebt e para t\u00eb m\u00ebngjesit t\u00eb sot\u00ebm. Kontrollet jan\u00eb zhvilluar n\u00eb qytet por jan\u00eb shtrir\u00eb edhe pran\u00eb lumit t\u00eb Vlor\u00ebs t\u00eb cilat njihen p\u00ebr kultivimin e l\u00ebnd\u00ebve narkotike. Aksioni \u00ebsht\u00eb zhvilluar n\u00eb vrazhd\u00ebn e kontrolleve t\u00eb m\u00ebparshme\u00a0 p\u00ebr kapjen e personave t\u00eb shpallur [&hellip;]<\/p>\n","protected":false},"author":4,"featured_media":90130,"comment_status":"open","ping_status":"closed","sticky":false,"template":"","format":"standard","meta":{"footnotes":""},"categories":[241,231,235],"tags":[],"class_list":{"0":"post-90129","1":"post","2":"type-post","3":"status-publish","4":"format-standard","5":"has-post-thumbnail","7":"category-aktualitet","8":"category-lajme","9":"category-vendi"},"_links":{"self":[{"href":"https:\/\/zjarr.tv\/en\/wp-json\/wp\/v2\/posts\/90129","targetHints":{"allow":["GET"]}}],"collection":[{"href":"https:\/\/zjarr.tv\/en\/wp-json\/wp\/v2\/posts"}],"about":[{"href":"https:\/\/zjarr.tv\/en\/wp-json\/wp\/v2\/types\/post"}],"author":[{"embeddable":true,"href":"https:\/\/zjarr.tv\/en\/wp-json\/wp\/v2\/users\/4"}],"replies":[{"embeddable":true,"href":"https:\/\/zjarr.tv\/en\/wp-json\/wp\/v2\/comments?post=90129"}],"version-history":[{"count":0,"href":"https:\/\/zjarr.tv\/en\/wp-json\/wp\/v2\/posts\/90129\/revisions"}],"wp:featuredmedia":[{"embeddable":true,"href":"https:\/\/zjarr.tv\/en\/wp-json\/wp\/v2\/media\/90130"}],"wp:attachment":[{"href":"https:\/\/zjarr.tv\/en\/wp-json\/wp\/v2\/media?parent=90129"}],"wp:term":[{"taxonomy":"category","embeddable":true,"href":"https:\/\/zjarr.tv\/en\/wp-json\/wp\/v2\/categories?post=90129"},{"taxonomy":"post_tag","embeddable":true,"href":"https:\/\/zjarr.tv\/en\/wp-json\/wp\/v2\/tags?post=90129"}],"curies":[{"name":"wp","href":"https:\/\/api.w.org\/{rel}","templated":true}]}}