{"id":90136,"date":"2019-06-15T11:58:56","date_gmt":"2019-06-15T09:58:56","guid":{"rendered":"https:\/\/zjarr.tv\/?p=90136"},"modified":"2019-06-15T11:58:56","modified_gmt":"2019-06-15T09:58:56","slug":"kosova-bllokon-ne-morine-8-autobuse-me-pasagjere-nga-shqiperia","status":"publish","type":"post","link":"https:\/\/zjarr.tv\/en\/kosova-bllokon-ne-morine-8-autobuse-me-pasagjere-nga-shqiperia\/","title":{"rendered":"Kosova bllokon n\u00eb Morin\u00eb, 8 autobus\u00eb me pasagjer\u00eb nga Shqip\u00ebria"},"content":{"rendered":"<p>Autoritetet e Kosov\u00ebs kan\u00eb bllokuar qysh prej or\u00ebve t\u00eb para t\u00eb m\u00ebngjesit t\u00eb sot\u00ebm, tet\u00eb autobus\u00eb t\u00eb nisur nga Shqip\u00ebria me pasagjer\u00eb.<\/p>\n<p>B\u00ebhet fjal\u00eb p\u00ebr autobus\u00eb t\u00eb linj\u00ebs Bajram Curri-Kosov\u00eb-Tiran\u00eb, t\u00eb cil\u00ebt jan\u00eb bllokuar n\u00eb pik\u00ebn kufitare t\u00eb Morin\u00ebs.<\/p>\n<p>Bllokimi i tyre \u00ebsht\u00eb b\u00ebr\u00eb me urdh\u00ebr t\u00eb Ministris\u00eb s\u00eb Transportit n\u00eb Kosov\u00eb dhe prej afro pes\u00eb or\u00ebsh nuk lejohet kalimi i tyre.<\/p>\n<p>Nd\u00ebrkoh\u00eb Rifat Hajdini, kryetari i shoqat\u00ebs s\u00eb transportit publik t\u00eb linjave Bajram Curri-Kosov\u00eb-Tiran\u00eb thot\u00eb se nuk ishin lajm\u00ebruar p\u00ebr k\u00ebt\u00eb urdh\u00ebr.<\/p>\n<p>Ai k\u00ebrkon q\u00eb qeverit\u00eb e dy vendeve, t\u00eb gjejn\u00eb m\u00ebnyr\u00ebn p\u00ebr t\u00eb zgjidhur situat\u00ebn.<\/p>","protected":false},"excerpt":{"rendered":"<p>Autoritetet e Kosov\u00ebs kan\u00eb bllokuar qysh prej or\u00ebve t\u00eb para t\u00eb m\u00ebngjesit t\u00eb sot\u00ebm, tet\u00eb autobus\u00eb t\u00eb nisur nga Shqip\u00ebria me pasagjer\u00eb. B\u00ebhet fjal\u00eb p\u00ebr autobus\u00eb t\u00eb linj\u00ebs Bajram Curri-Kosov\u00eb-Tiran\u00eb, t\u00eb cil\u00ebt jan\u00eb bllokuar n\u00eb pik\u00ebn kufitare t\u00eb Morin\u00ebs. Bllokimi i tyre \u00ebsht\u00eb b\u00ebr\u00eb me urdh\u00ebr t\u00eb Ministris\u00eb s\u00eb Transportit n\u00eb Kosov\u00eb dhe prej afro [&hellip;]<\/p>\n","protected":false},"author":4,"featured_media":90137,"comment_status":"open","ping_status":"closed","sticky":false,"template":"","format":"standard","meta":{"footnotes":""},"categories":[241,231,235],"tags":[],"class_list":{"0":"post-90136","1":"post","2":"type-post","3":"status-publish","4":"format-standard","5":"has-post-thumbnail","7":"category-aktualitet","8":"category-lajme","9":"category-vendi"},"_links":{"self":[{"href":"https:\/\/zjarr.tv\/en\/wp-json\/wp\/v2\/posts\/90136","targetHints":{"allow":["GET"]}}],"collection":[{"href":"https:\/\/zjarr.tv\/en\/wp-json\/wp\/v2\/posts"}],"about":[{"href":"https:\/\/zjarr.tv\/en\/wp-json\/wp\/v2\/types\/post"}],"author":[{"embeddable":true,"href":"https:\/\/zjarr.tv\/en\/wp-json\/wp\/v2\/users\/4"}],"replies":[{"embeddable":true,"href":"https:\/\/zjarr.tv\/en\/wp-json\/wp\/v2\/comments?post=90136"}],"version-history":[{"count":0,"href":"https:\/\/zjarr.tv\/en\/wp-json\/wp\/v2\/posts\/90136\/revisions"}],"wp:featuredmedia":[{"embeddable":true,"href":"https:\/\/zjarr.tv\/en\/wp-json\/wp\/v2\/media\/90137"}],"wp:attachment":[{"href":"https:\/\/zjarr.tv\/en\/wp-json\/wp\/v2\/media?parent=90136"}],"wp:term":[{"taxonomy":"category","embeddable":true,"href":"https:\/\/zjarr.tv\/en\/wp-json\/wp\/v2\/categories?post=90136"},{"taxonomy":"post_tag","embeddable":true,"href":"https:\/\/zjarr.tv\/en\/wp-json\/wp\/v2\/tags?post=90136"}],"curies":[{"name":"wp","href":"https:\/\/api.w.org\/{rel}","templated":true}]}}