{"id":90143,"date":"2019-06-15T12:27:07","date_gmt":"2019-06-15T10:27:07","guid":{"rendered":"https:\/\/zjarr.tv\/?p=90143"},"modified":"2019-06-15T12:27:07","modified_gmt":"2019-06-15T10:27:07","slug":"kush-eshte-i-arrestuari-per-grabitjen-ne-rinas-iu-gjeten-mbi-100-mije-euro","status":"publish","type":"post","link":"https:\/\/zjarr.tv\/en\/kush-eshte-i-arrestuari-per-grabitjen-ne-rinas-iu-gjeten-mbi-100-mije-euro\/","title":{"rendered":"Kush \u00ebsht\u00eb i arrestuari p\u00ebr grabitjen n\u00eb Rinas, i\u2019u gjet\u00ebn mbi 100 mij\u00eb euro"},"content":{"rendered":"<p style=\"background: white;margin: 0in 0in 11.25pt 0in\"><span style=\"font-size: 13.5pt;font-family: 'light-noa','serif';color: #262626\">Personit t\u00eb arrestuar p\u00ebr grabitjen e 9 prillit n\u00eb Rinas, i jan\u00eb gjetur mbi 100 mij\u00eb euro, para k\u00ebto n\u00eb valut\u00eb, euro, paund\u00eb, dollar\u00eb dhe lek\u00eb.<\/span><\/p>\n<p style=\"background: white;text-align: start;margin: 0in 0in 11.25pt 0in\"><span style=\"font-size: 13.5pt;font-family: 'light-noa','serif';color: #262626\">I dyshuari i arrestuar mbr\u00ebmjen e k\u00ebsaj t\u00eb premte, \u00ebsht\u00eb Hasan Kana\u00e7i 48 vje\u00e7 lindur dhe banues n\u00eb Tiran\u00eb.<\/span><\/p>\n<p style=\"background: white;text-align: start;margin: 0in 0in 11.25pt 0in\"><span style=\"font-size: 13.5pt;font-family: 'light-noa','serif';color: #262626\">Dyshohet se i arrestuari \u00ebsht\u00eb personi i cili ka ndihmuar nga brenda aeroportit grabit\u00ebsit.<\/span><\/p>\n<p style=\"background: white;text-align: start;margin: 0in 0in 11.25pt 0in\"><span style=\"font-size: 13.5pt;font-family: 'light-noa','serif';color: #262626\">M\u00eb konkretisht ai \u00ebsht\u00eb pjes\u00eb e stafit, p\u00ebr pjes\u00ebn cargo, ku p\u00ebrpunohen mallrat dhe lek\u00ebt e bankave.<\/span><\/p>\n<p style=\"background: white;text-align: start;margin: 0in 0in 11.25pt 0in\"><span style=\"font-size: 13.5pt;font-family: 'light-noa','serif';color: #262626\">Prangosja e tij dyshohet se \u00ebsht\u00eb b\u00ebr\u00eb, pasi \u00ebsht\u00eb pik\u00ebrisht personi q\u00eb ka njoftuar p\u00ebr orarin dhe l\u00ebvizjet e parave si dhe koh\u00ebn se kur thas\u00ebt do t\u00eb futeshin n\u00eb pist\u00eb, p\u00ebr tu ngarkuar m\u00eb tej n\u00eb avion.<\/span><\/p>\n<p style=\"background: white;text-align: start;margin: 0in 0in 11.25pt 0in\"><span style=\"font-size: 13.5pt;font-family: 'light-noa','serif';color: #262626\">Ndaj t\u00eb dyshuarit hetimet jan\u00eb n\u00eb vijim nga Prokuroria p\u00ebr Krime t\u00eb R\u00ebnda Tiran\u00eb p\u00ebr veprat penale \u201cVjedhje me arm\u00eb kryer n\u00eb bashk\u00ebpunim\u201d, \u2018Grupi i strukturuar kriminal\u201d, \u201cProdhim dhe mbajtje pa leje e arm\u00ebve t\u00eb ftohta\u201d, \u201cMbajtje pa leje e arm\u00ebve, arm\u00ebve shp\u00ebrthyese dhe municioneve luftarake\u201d, \u201cVrasje e punonj\u00ebsve t\u00eb Policis\u00eb s\u00eb Shtetit\u201d e kryer n\u00eb bashk\u00ebpunim e mbetur n\u00eb tentativ\u00eb.<\/span><\/p>\n<p style=\"background: white;text-align: start;margin: 0in 0in 11.25pt 0in\"><span style=\"font-size: 13.5pt;font-family: 'light-noa','serif';color: #262626\">Grabitja e thas\u00ebve me para ndodhi pak para or\u00ebs 15.00 t\u00eb 9 prillit, n\u00eb aeroportin nd\u00ebrkomb\u00ebtar \u201cN\u00ebn\u00eb Tereza\u201d t\u00eb Tiran\u00ebs. Gjith\u00e7ka brenda nj\u00eb kohe shum\u00eb t\u00eb shkurt\u00ebr, kur nj\u00eb automjet dyshohet me pes\u00eb persona n\u00eb bord, theu der\u00ebn e rrethimit q\u00eb p\u00ebrdoret nga sh\u00ebrbimet zjarrfik\u00ebse, dhe iu afrua me shpejt\u00ebsi avionit t\u00eb linj\u00ebs \u201cAustrian Airlines\u201d, ku sapo ishin ngarkuar p\u00ebr t\u2019u transferuar jasht\u00eb vendit, parat\u00eb e disa bankave.<\/span><\/p>\n<p style=\"background: white;text-align: start;margin: 0in 0in 11.25pt 0in\"><span style=\"font-size: 13.5pt;font-family: 'light-noa','serif';color: #262626\">Grabit\u00ebsit hip\u00ebn n\u00eb barkun e avionit, n\u00eb zon\u00ebn e bagazheve, duke marr\u00eb prej andej sasit\u00eb e m\u00ebdha t\u00eb parave.<\/span><\/p>\n<p style=\"background: white;text-align: start;margin: 0in 0in 11.25pt 0in\"><span style=\"font-size: 13.5pt;font-family: 'light-noa','serif';color: #262626\">Gjat\u00eb largimit nga aeroporti, nd\u00ebrkoh\u00eb q\u00eb u dha alarmi p\u00ebr grabitjen, ata has\u00ebn n\u00eb nj\u00eb patrull\u00eb t\u00eb Forcave t\u00eb Nd\u00ebrhyrjes s\u00eb shpejt\u00eb, me t\u00eb cil\u00ebt pat\u00ebn dhe nj\u00eb shk\u00ebmbim zjarri. Nj\u00eb prej grabit\u00ebsve Admir Murataj, gjat\u00eb t\u00eb shk\u00ebmbimit t\u00eb zjarrit, mbeti i vrar\u00eb me nj\u00eb plumb n\u00eb kok\u00eb. Deri tani arrestuar p\u00ebr grabitjen gjasht\u00eb persona t\u00eb dyshuar, Ragip Hajdini, Alkond Bengasi, Renaldo Sula, Oltian Veseli, Saimir \u00c7ela dhe Elton Pikli.<\/span><\/p>\n<h2><span style=\"font-family: 'AdelleBold','serif';color: black\">\u00a0<\/span><\/h2>","protected":false},"excerpt":{"rendered":"<p>Personit t\u00eb arrestuar p\u00ebr grabitjen e 9 prillit n\u00eb Rinas, i jan\u00eb gjetur mbi 100 mij\u00eb euro, para k\u00ebto n\u00eb valut\u00eb, euro, paund\u00eb, dollar\u00eb dhe lek\u00eb. I dyshuari i arrestuar mbr\u00ebmjen e k\u00ebsaj t\u00eb premte, \u00ebsht\u00eb Hasan Kana\u00e7i 48 vje\u00e7 lindur dhe banues n\u00eb Tiran\u00eb. Dyshohet se i arrestuari \u00ebsht\u00eb personi i cili ka ndihmuar [&hellip;]<\/p>\n","protected":false},"author":4,"featured_media":90144,"comment_status":"open","ping_status":"closed","sticky":false,"template":"","format":"standard","meta":{"footnotes":""},"categories":[241,231,235],"tags":[],"class_list":{"0":"post-90143","1":"post","2":"type-post","3":"status-publish","4":"format-standard","5":"has-post-thumbnail","7":"category-aktualitet","8":"category-lajme","9":"category-vendi"},"_links":{"self":[{"href":"https:\/\/zjarr.tv\/en\/wp-json\/wp\/v2\/posts\/90143","targetHints":{"allow":["GET"]}}],"collection":[{"href":"https:\/\/zjarr.tv\/en\/wp-json\/wp\/v2\/posts"}],"about":[{"href":"https:\/\/zjarr.tv\/en\/wp-json\/wp\/v2\/types\/post"}],"author":[{"embeddable":true,"href":"https:\/\/zjarr.tv\/en\/wp-json\/wp\/v2\/users\/4"}],"replies":[{"embeddable":true,"href":"https:\/\/zjarr.tv\/en\/wp-json\/wp\/v2\/comments?post=90143"}],"version-history":[{"count":0,"href":"https:\/\/zjarr.tv\/en\/wp-json\/wp\/v2\/posts\/90143\/revisions"}],"wp:featuredmedia":[{"embeddable":true,"href":"https:\/\/zjarr.tv\/en\/wp-json\/wp\/v2\/media\/90144"}],"wp:attachment":[{"href":"https:\/\/zjarr.tv\/en\/wp-json\/wp\/v2\/media?parent=90143"}],"wp:term":[{"taxonomy":"category","embeddable":true,"href":"https:\/\/zjarr.tv\/en\/wp-json\/wp\/v2\/categories?post=90143"},{"taxonomy":"post_tag","embeddable":true,"href":"https:\/\/zjarr.tv\/en\/wp-json\/wp\/v2\/tags?post=90143"}],"curies":[{"name":"wp","href":"https:\/\/api.w.org\/{rel}","templated":true}]}}