{"id":90260,"date":"2019-06-15T21:50:38","date_gmt":"2019-06-15T19:50:38","guid":{"rendered":"https:\/\/zjarr.tv\/?p=90260"},"modified":"2019-06-15T15:49:20","modified_gmt":"2019-06-15T13:49:20","slug":"kosova-mogherini-drejt-fundit-keta-jane-5-emrat-e-mundshem-per-kryenegociator","status":"publish","type":"post","link":"https:\/\/zjarr.tv\/en\/kosova-mogherini-drejt-fundit-keta-jane-5-emrat-e-mundshem-per-kryenegociator\/","title":{"rendered":"Kosova\/ Mogherini drejt fundit, k\u00ebta jan\u00eb 5 emrat e mundsh\u00ebm p\u00ebr kryenegociator"},"content":{"rendered":"<p>Federica Mogherini \u00ebsht\u00eb duke num\u00ebruar dit\u00ebt e fundit n\u00eb postin kryenegociatores s\u00eb dialogut nd\u00ebrmjet Kosov\u00ebs dhe Serbis\u00eb, shkruan Gazeta Express.<\/p>\n<p>N\u00ebn kryesimin e saj, dialogu nd\u00ebrmjet Kosov\u00ebs dhe Serbis\u00eb \u00ebsht\u00eb future n\u00eb nj\u00eb qorroskak, nd\u00ebrkoh\u00eb pritet q\u00eb emri i ri q\u00eb do ta pasoj\u00eb Mogherinin n\u00eb vjesht\u00eb do ta rikthej\u00eb n\u00eb jet\u00eb dialogun mes Prishtin\u00ebs dhe Beogradit.<\/p>\n<p>Si\u00e7 shkruam gazeta serbe \u2018blic.rs\u2019, bazuar n\u00eb burime diplomatike, n\u00eb loj\u00eb p\u00ebr t\u00eb marr\u00eb postin e P\u00ebrfaq\u00ebsuesit t\u00eb Lart\u00eb t\u00eb BE-s\u00eb dhe t\u00eb kryenegociatorit p\u00ebr dialogun nd\u00ebrmjet Kosov\u00ebs dhe Serbis\u00eb jan\u00eb pes\u00eb persona.<\/p>\n<p>Partia Popullore Evropian llogarit\u00eb jasht\u00ebzakonisht shum\u00eb n\u00eb emrin e Andrej Plenkovic i cili \u00ebsht\u00eb edhe kryeminist\u00ebr i Kroacis\u00eb.<\/p>\n<p>P\u00ebrve\u00e7 Plenkovi\u00e7 nj\u00eb em\u00ebr tjet\u00ebr q\u00eb p\u00ebrfol\u00ebt se mund t\u00eb z\u00eb vendin e Mogherinit, \u00ebsht\u00eb politikani francez, Michel Barnier, i cili ka qen\u00eb negociator nd\u00ebrmjet Britanis\u00eb s\u00eb Madhe dhe BE-s\u00eb, p\u00ebr Brexit.<\/p>\n<p>Emri i tret\u00eb \u00ebsht\u00eb ai i Frans Timermans, politikani holandez i cili ka sh\u00ebrbyer n\u00eb postin e z\u00ebv\u00ebnd\u00ebsit t\u00eb part\u00eb t\u00eb presidentit t\u00eb Komisionit Evropian.<\/p>\n<p>Pas Timermans, n\u00eb gar\u00eb p\u00ebr t\u00eb marr\u00eb postin e kryenegociatores \u00ebsht\u00eb diplomatja gjermane, Helga Schmidt. Schmidt ka qen\u00eb Sekretare Gjenerale e EEAS ( European Uninon for External Actions). Schmidt n\u00eb Bruksel punon q\u00eb nga viti 2006.<\/p>\n<p>I fundit em\u00ebr q\u00eb p\u00ebrflitet se mund t\u00eb merr rolin e Mogherinit, \u00ebsht\u00eb ministri i Jasht\u00ebm i Sllovakis\u00eb, Miroslav Lajcak, shkruan Gazeta Express.<\/p>\n<p>Mbetet t\u00eb shihet se kush do t\u00eb zgjidhet, pasi q\u00eb Merkel dhe Macron kan\u00eb pasur mospajtime rreth emrit t\u00eb ri q\u00eb duhet t\u00eb merr kryesimin e Komisionit Evropian, nd\u00ebrkoh\u00eb pritet q\u00eb kjo dyshe Franc\u00eb-Gjermani t\u00eb vendosin p\u00ebr emrin e ri q\u00eb do t\u00eb drejtoj\u00eb KE-n\u00eb.<\/p>\n<p>&nbsp;<\/p>","protected":false},"excerpt":{"rendered":"<p>Federica Mogherini \u00ebsht\u00eb duke num\u00ebruar dit\u00ebt e fundit n\u00eb postin kryenegociatores s\u00eb dialogut nd\u00ebrmjet Kosov\u00ebs dhe Serbis\u00eb, shkruan Gazeta Express. N\u00ebn kryesimin e saj, dialogu nd\u00ebrmjet Kosov\u00ebs dhe Serbis\u00eb \u00ebsht\u00eb future n\u00eb nj\u00eb qorroskak, nd\u00ebrkoh\u00eb pritet q\u00eb emri i ri q\u00eb do ta pasoj\u00eb Mogherinin n\u00eb vjesht\u00eb do ta rikthej\u00eb n\u00eb jet\u00eb dialogun mes Prishtin\u00ebs [&hellip;]<\/p>\n","protected":false},"author":2013,"featured_media":49267,"comment_status":"open","ping_status":"closed","sticky":false,"template":"","format":"standard","meta":{"footnotes":""},"categories":[241,2],"tags":[],"class_list":{"0":"post-90260","1":"post","2":"type-post","3":"status-publish","4":"format-standard","5":"has-post-thumbnail","7":"category-aktualitet","8":"category-rajoni"},"_links":{"self":[{"href":"https:\/\/zjarr.tv\/en\/wp-json\/wp\/v2\/posts\/90260","targetHints":{"allow":["GET"]}}],"collection":[{"href":"https:\/\/zjarr.tv\/en\/wp-json\/wp\/v2\/posts"}],"about":[{"href":"https:\/\/zjarr.tv\/en\/wp-json\/wp\/v2\/types\/post"}],"author":[{"embeddable":true,"href":"https:\/\/zjarr.tv\/en\/wp-json\/wp\/v2\/users\/2013"}],"replies":[{"embeddable":true,"href":"https:\/\/zjarr.tv\/en\/wp-json\/wp\/v2\/comments?post=90260"}],"version-history":[{"count":0,"href":"https:\/\/zjarr.tv\/en\/wp-json\/wp\/v2\/posts\/90260\/revisions"}],"wp:featuredmedia":[{"embeddable":true,"href":"https:\/\/zjarr.tv\/en\/wp-json\/wp\/v2\/media\/49267"}],"wp:attachment":[{"href":"https:\/\/zjarr.tv\/en\/wp-json\/wp\/v2\/media?parent=90260"}],"wp:term":[{"taxonomy":"category","embeddable":true,"href":"https:\/\/zjarr.tv\/en\/wp-json\/wp\/v2\/categories?post=90260"},{"taxonomy":"post_tag","embeddable":true,"href":"https:\/\/zjarr.tv\/en\/wp-json\/wp\/v2\/tags?post=90260"}],"curies":[{"name":"wp","href":"https:\/\/api.w.org\/{rel}","templated":true}]}}