{"id":90348,"date":"2019-06-16T13:48:21","date_gmt":"2019-06-16T11:48:21","guid":{"rendered":"https:\/\/zjarr.tv\/?p=90348"},"modified":"2019-06-16T13:48:21","modified_gmt":"2019-06-16T11:48:21","slug":"ditelindja-e-fundit-identifikohen-4-viktimat-e-tragjedise-ne-tirane","status":"publish","type":"post","link":"https:\/\/zjarr.tv\/en\/ditelindja-e-fundit-identifikohen-4-viktimat-e-tragjedise-ne-tirane\/","title":{"rendered":"Dit\u00eblindja e fundit\/ Identifikohen 4 viktimat e tragjedis\u00eb n\u00eb Tiran\u00eb"},"content":{"rendered":"<p>Detaje t\u00eb reja kan\u00eb dal\u00eb n\u00eb lidhje me aksidentin tragjik q\u00eb i mori jet\u00ebn 4 an\u00ebtar\u00ebve t\u00eb familjes Biba n\u00eb kryeqytet.<\/p>\n<p>Babai, n\u00ebna dhe dy vajzat e tyre kishin qen\u00eb duke festuar nj\u00eb dit\u00eblindje n\u00eb nj\u00eb lokal n\u00eb Elbasan, s\u00eb bashku me dh\u00ebnd\u00ebrrin e familjes, para se t\u00eb ndodhte aksidenti.<\/p>\n<p>Pas fest\u00ebs, rrug\u00ebs teksa ktheheshin n\u00eb sht\u00ebpin\u00eb e tyre n\u00eb Tiran\u00eb ata jan\u00eb p\u00ebrfshir\u00eb n\u00eb aksident.<\/p>\n<p>M\u00ebsohet se viktimat jan\u00eb n\u00ebna, babai dhe dy vajzat\u00a0 B. Bibaj, Xh.Bibaj, F.Bibaj dhe V. Bibaj, nd\u00ebrsa dh\u00ebndri i familjes A. Alia i cili drejtonte mjetin me targa AA472 PE, ka mbetur i plagosur.<\/p>\n<p>Ai \u00ebsht\u00eb d\u00ebrguar n\u00eb spitalin ushtarak n\u00eb kryeqytet ku merr dhe ndihm\u00ebn e nevojshme mjek\u00ebsore.<\/p>","protected":false},"excerpt":{"rendered":"<p>Detaje t\u00eb reja kan\u00eb dal\u00eb n\u00eb lidhje me aksidentin tragjik q\u00eb i mori jet\u00ebn 4 an\u00ebtar\u00ebve t\u00eb familjes Biba n\u00eb kryeqytet. Babai, n\u00ebna dhe dy vajzat e tyre kishin qen\u00eb duke festuar nj\u00eb dit\u00eblindje n\u00eb nj\u00eb lokal n\u00eb Elbasan, s\u00eb bashku me dh\u00ebnd\u00ebrrin e familjes, para se t\u00eb ndodhte aksidenti. Pas fest\u00ebs, rrug\u00ebs teksa ktheheshin [&hellip;]<\/p>\n","protected":false},"author":2013,"featured_media":90349,"comment_status":"open","ping_status":"closed","sticky":false,"template":"","format":"standard","meta":{"footnotes":""},"categories":[241,235],"tags":[],"class_list":{"0":"post-90348","1":"post","2":"type-post","3":"status-publish","4":"format-standard","5":"has-post-thumbnail","7":"category-aktualitet","8":"category-vendi"},"_links":{"self":[{"href":"https:\/\/zjarr.tv\/en\/wp-json\/wp\/v2\/posts\/90348","targetHints":{"allow":["GET"]}}],"collection":[{"href":"https:\/\/zjarr.tv\/en\/wp-json\/wp\/v2\/posts"}],"about":[{"href":"https:\/\/zjarr.tv\/en\/wp-json\/wp\/v2\/types\/post"}],"author":[{"embeddable":true,"href":"https:\/\/zjarr.tv\/en\/wp-json\/wp\/v2\/users\/2013"}],"replies":[{"embeddable":true,"href":"https:\/\/zjarr.tv\/en\/wp-json\/wp\/v2\/comments?post=90348"}],"version-history":[{"count":0,"href":"https:\/\/zjarr.tv\/en\/wp-json\/wp\/v2\/posts\/90348\/revisions"}],"wp:featuredmedia":[{"embeddable":true,"href":"https:\/\/zjarr.tv\/en\/wp-json\/wp\/v2\/media\/90349"}],"wp:attachment":[{"href":"https:\/\/zjarr.tv\/en\/wp-json\/wp\/v2\/media?parent=90348"}],"wp:term":[{"taxonomy":"category","embeddable":true,"href":"https:\/\/zjarr.tv\/en\/wp-json\/wp\/v2\/categories?post=90348"},{"taxonomy":"post_tag","embeddable":true,"href":"https:\/\/zjarr.tv\/en\/wp-json\/wp\/v2\/tags?post=90348"}],"curies":[{"name":"wp","href":"https:\/\/api.w.org\/{rel}","templated":true}]}}