{"id":90351,"date":"2019-06-16T13:53:48","date_gmt":"2019-06-16T11:53:48","guid":{"rendered":"https:\/\/zjarr.tv\/?p=90351"},"modified":"2019-06-16T13:53:48","modified_gmt":"2019-06-16T11:53:48","slug":"dalin-pamjet-si-kontrolloheshin-grate-ne-mitingun-e-rames","status":"publish","type":"post","link":"https:\/\/zjarr.tv\/en\/dalin-pamjet-si-kontrolloheshin-grate-ne-mitingun-e-rames\/","title":{"rendered":"Dalin pamjet, si kontrolloheshin grat\u00eb n\u00eb mitingun e Ram\u00ebs"},"content":{"rendered":"<p>Shoq\u00ebrohet nga qindra polic\u00eb dhe forca speciale, pasi n\u00eb \u00e7do qytet ku shko, pritet me protesta t\u00eb m\u00ebdha.<\/p>\n<p>B\u00ebhet fjal\u00eb p\u00ebr Edi Ram\u00ebn, i cili \u00ebsht\u00eb i pad\u00ebshiruesh\u00ebm n\u00eb \u00e7do vend t\u00eb Shqip\u00ebris\u00eb.<\/p>\n<p>Por n\u00eb nj\u00eb takim t\u00eb mbr\u00ebmjes s\u00eb djeshme n\u00eb Kor\u00e7\u00eb, policia dhe punonj\u00ebsit e Gard\u00ebs kan\u00eb kaluar \u00e7do limit.<\/p>\n<p>Ata kan\u00eb kontrolluar \u00e7do njeri q\u00eb ishte pjes\u00eb e takimit me karrige q\u00eb u organizua.<\/p>\n<p>Nj\u00eb gj\u00eb t\u00eb till\u00eb e ka b\u00ebr\u00eb publike edhe ish-kryeministri Sali Berisha me nj\u00eb video n\u00eb rrjetet sociale.<\/p>\n<p>\u2018Kriza e thelle psiqike, paniku dhe terrori kane bere qe Edvini te urdheroje kontrollin e imet fizik edhe te grave dhe femijeve qe shkojne me detyrim ne antimitingjet e tij.<\/p>\n<p>&nbsp;<\/p>\n<p>&nbsp;<\/p>","protected":false},"excerpt":{"rendered":"<p>Shoq\u00ebrohet nga qindra polic\u00eb dhe forca speciale, pasi n\u00eb \u00e7do qytet ku shko, pritet me protesta t\u00eb m\u00ebdha. B\u00ebhet fjal\u00eb p\u00ebr Edi Ram\u00ebn, i cili \u00ebsht\u00eb i pad\u00ebshiruesh\u00ebm n\u00eb \u00e7do vend t\u00eb Shqip\u00ebris\u00eb. Por n\u00eb nj\u00eb takim t\u00eb mbr\u00ebmjes s\u00eb djeshme n\u00eb Kor\u00e7\u00eb, policia dhe punonj\u00ebsit e Gard\u00ebs kan\u00eb kaluar \u00e7do limit. Ata kan\u00eb kontrolluar [&hellip;]<\/p>\n","protected":false},"author":2013,"featured_media":90352,"comment_status":"open","ping_status":"closed","sticky":false,"template":"","format":"standard","meta":{"footnotes":""},"categories":[241,235],"tags":[],"class_list":{"0":"post-90351","1":"post","2":"type-post","3":"status-publish","4":"format-standard","5":"has-post-thumbnail","7":"category-aktualitet","8":"category-vendi"},"_links":{"self":[{"href":"https:\/\/zjarr.tv\/en\/wp-json\/wp\/v2\/posts\/90351","targetHints":{"allow":["GET"]}}],"collection":[{"href":"https:\/\/zjarr.tv\/en\/wp-json\/wp\/v2\/posts"}],"about":[{"href":"https:\/\/zjarr.tv\/en\/wp-json\/wp\/v2\/types\/post"}],"author":[{"embeddable":true,"href":"https:\/\/zjarr.tv\/en\/wp-json\/wp\/v2\/users\/2013"}],"replies":[{"embeddable":true,"href":"https:\/\/zjarr.tv\/en\/wp-json\/wp\/v2\/comments?post=90351"}],"version-history":[{"count":0,"href":"https:\/\/zjarr.tv\/en\/wp-json\/wp\/v2\/posts\/90351\/revisions"}],"wp:featuredmedia":[{"embeddable":true,"href":"https:\/\/zjarr.tv\/en\/wp-json\/wp\/v2\/media\/90352"}],"wp:attachment":[{"href":"https:\/\/zjarr.tv\/en\/wp-json\/wp\/v2\/media?parent=90351"}],"wp:term":[{"taxonomy":"category","embeddable":true,"href":"https:\/\/zjarr.tv\/en\/wp-json\/wp\/v2\/categories?post=90351"},{"taxonomy":"post_tag","embeddable":true,"href":"https:\/\/zjarr.tv\/en\/wp-json\/wp\/v2\/tags?post=90351"}],"curies":[{"name":"wp","href":"https:\/\/api.w.org\/{rel}","templated":true}]}}