{"id":90357,"date":"2019-06-16T14:03:15","date_gmt":"2019-06-16T12:03:15","guid":{"rendered":"https:\/\/zjarr.tv\/?p=90357"},"modified":"2019-06-16T14:03:15","modified_gmt":"2019-06-16T12:03:15","slug":"presidenti-francez-viziton-serbine-harron-shqiperine","status":"publish","type":"post","link":"https:\/\/zjarr.tv\/en\/presidenti-francez-viziton-serbine-harron-shqiperine\/","title":{"rendered":"Presidenti francez viziton Serbin\u00eb, \u2018harron\u2019 Shqip\u00ebrin\u00eb"},"content":{"rendered":"<p>Presidenti i Franc\u00ebs Emmanuel Macron do t\u00eb zhvilloj\u00eb nj\u00eb vizit\u00eb zyrtare n\u00eb Serbi.<\/p>\n<p>Sicc raportojn\u00eb mediat, Macron do t\u00eb jet\u00eb n\u00eb Serbi n\u00eb datat 15-16 Korrik dhe do t\u00eb zhvilloj\u00eb takime me krer\u00ebt e shtetit.<\/p>\n<p>Vizita e Macron n\u00eb Beograd do t\u00eb \u00a0zhvillohet pak dit\u00eb pas Samitit t\u00eb Ballkanik Per\u00ebndimor q\u00eb do t\u00eb zhvillohet n\u00eb Paris n\u00eb datat 1-2 Korrik.<\/p>\n<p>Vizita e Emmanuel Macron ishte b\u00ebr\u00eb publike disa muaj m\u00eb par\u00eb, por vet\u00ebm dit\u00ebn e djeshme \u00ebsht\u00eb konfirmuar.<\/p>\n<p>Ajo q\u00eb bie n\u00eb sy \u00ebsht\u00eb fakti se Macron do t\u00eb vizitoj\u00eb vet\u00ebm Serbin\u00eb, nd\u00ebrsa Shqip\u00ebria nuk \u00ebsht\u00eb n\u00eb axhend\u00ebn e tij edhe pse do t\u00eb b\u00ebhet pas samitit q\u00eb do t\u00eb organizohet p\u00ebr vendet e Ballkanit.<\/p>\n<p>Kjo nisur edhe nga fakti se edhe Edi Rama nuk \u00ebsht\u00eb m\u00eb i mik\u00ebpritur n\u00eb Paris nga Macron, i cili i ka v\u00ebn\u00eb viz\u00ebn Shqip\u00ebris\u00eb dhe nuk pranon q\u00eb t\u00eb hapen negociatat e vendit ton\u00eb me BE-n\u00eb.<\/p>\n<p>&nbsp;<\/p>","protected":false},"excerpt":{"rendered":"<p>Presidenti i Franc\u00ebs Emmanuel Macron do t\u00eb zhvilloj\u00eb nj\u00eb vizit\u00eb zyrtare n\u00eb Serbi. Sicc raportojn\u00eb mediat, Macron do t\u00eb jet\u00eb n\u00eb Serbi n\u00eb datat 15-16 Korrik dhe do t\u00eb zhvilloj\u00eb takime me krer\u00ebt e shtetit. Vizita e Macron n\u00eb Beograd do t\u00eb \u00a0zhvillohet pak dit\u00eb pas Samitit t\u00eb Ballkanik Per\u00ebndimor q\u00eb do t\u00eb zhvillohet n\u00eb [&hellip;]<\/p>\n","protected":false},"author":2013,"featured_media":90358,"comment_status":"open","ping_status":"closed","sticky":false,"template":"","format":"standard","meta":{"footnotes":""},"categories":[241,235],"tags":[],"class_list":{"0":"post-90357","1":"post","2":"type-post","3":"status-publish","4":"format-standard","5":"has-post-thumbnail","7":"category-aktualitet","8":"category-vendi"},"_links":{"self":[{"href":"https:\/\/zjarr.tv\/en\/wp-json\/wp\/v2\/posts\/90357","targetHints":{"allow":["GET"]}}],"collection":[{"href":"https:\/\/zjarr.tv\/en\/wp-json\/wp\/v2\/posts"}],"about":[{"href":"https:\/\/zjarr.tv\/en\/wp-json\/wp\/v2\/types\/post"}],"author":[{"embeddable":true,"href":"https:\/\/zjarr.tv\/en\/wp-json\/wp\/v2\/users\/2013"}],"replies":[{"embeddable":true,"href":"https:\/\/zjarr.tv\/en\/wp-json\/wp\/v2\/comments?post=90357"}],"version-history":[{"count":0,"href":"https:\/\/zjarr.tv\/en\/wp-json\/wp\/v2\/posts\/90357\/revisions"}],"wp:featuredmedia":[{"embeddable":true,"href":"https:\/\/zjarr.tv\/en\/wp-json\/wp\/v2\/media\/90358"}],"wp:attachment":[{"href":"https:\/\/zjarr.tv\/en\/wp-json\/wp\/v2\/media?parent=90357"}],"wp:term":[{"taxonomy":"category","embeddable":true,"href":"https:\/\/zjarr.tv\/en\/wp-json\/wp\/v2\/categories?post=90357"},{"taxonomy":"post_tag","embeddable":true,"href":"https:\/\/zjarr.tv\/en\/wp-json\/wp\/v2\/tags?post=90357"}],"curies":[{"name":"wp","href":"https:\/\/api.w.org\/{rel}","templated":true}]}}