{"id":90367,"date":"2019-06-16T14:14:01","date_gmt":"2019-06-16T12:14:01","guid":{"rendered":"https:\/\/zjarr.tv\/?p=90367"},"modified":"2019-06-16T14:14:01","modified_gmt":"2019-06-16T12:14:01","slug":"agim-xhafka-ne-fund-rama-do-shkoje-ne-pavion-me-barele","status":"publish","type":"post","link":"https:\/\/zjarr.tv\/en\/agim-xhafka-ne-fund-rama-do-shkoje-ne-pavion-me-barele\/","title":{"rendered":"Agim Xhafka: N\u00eb fund Rama do shkoj\u00eb n\u00eb pavion me barel\u00eb"},"content":{"rendered":"<p>Gazetari dhe satiristi Agim Xhafka shkruan n\u00eb Facebook se n\u00eb fund t\u00eb k\u00ebsaj situate Edi Rama do t\u00eb shkoj\u00eb me barel\u00eb n\u00eb pavion.<\/p>\n<p>Duke b\u00ebr\u00eb nj\u00eb krahasim me garat e 100 metrave, Xhafka shkruan se n\u00eb \u00e7do nisje t\u00eb keqe, gjyqtari anulon gar\u00ebn, p\u00ebr ta nisur nga fillimi.<\/p>\n<p>Sipas satiristit, n\u00ebse Rama do merrte pjes\u00eb n\u00eb k\u00ebto gara, nuk do t\u00eb ndalonte p\u00ebr asgj\u00eb n\u00eb bot\u00eb.<\/p>\n<p>Reagimi i plot\u00eb i Agim Xhafkajt n\u00eb Facebook:<\/p>\n<p>Keni par\u00eb n\u00eb olimpiada bot\u00ebrore garat e 100 metrave?<\/p>\n<p>Shum\u00eb emocionuese.<\/p>\n<p>Shkrepet sinjali me pistolet\u00eb dhe go t\u00eb gjith\u00eb.<\/p>\n<p>Por jo rrall\u00eb gjyqtari shkrep dy her\u00eb. Pra nisja anulohet.<\/p>\n<p>Kthehen atlet\u00ebt te vendet e tyre dhe presin sinjalin e ri.<\/p>\n<p>T\u00eb qe Rama n\u00eb k\u00ebt\u00eb gar\u00eb nuk e pirdhte fare anulimin.<\/p>\n<p>Vazhdonte vet\u00eb vrapin, priste triumfator shiritin n\u00eb fund e donte medalje se s\u2019b\u00ebn.<\/p>\n<p>Grindej e b\u00ebnte zallamahi me t\u00eb gjith\u00eb deri sa&#8230;vinte nj\u00eb ambulanc\u00eb, e merrte me barel\u00eb, e rehatonte n\u00eb ndonj\u00eb pavion.<\/p>\n<p>&nbsp;<\/p>","protected":false},"excerpt":{"rendered":"<p>Gazetari dhe satiristi Agim Xhafka shkruan n\u00eb Facebook se n\u00eb fund t\u00eb k\u00ebsaj situate Edi Rama do t\u00eb shkoj\u00eb me barel\u00eb n\u00eb pavion. Duke b\u00ebr\u00eb nj\u00eb krahasim me garat e 100 metrave, Xhafka shkruan se n\u00eb \u00e7do nisje t\u00eb keqe, gjyqtari anulon gar\u00ebn, p\u00ebr ta nisur nga fillimi. Sipas satiristit, n\u00ebse Rama do merrte pjes\u00eb [&hellip;]<\/p>\n","protected":false},"author":2013,"featured_media":41498,"comment_status":"open","ping_status":"closed","sticky":false,"template":"","format":"standard","meta":{"footnotes":""},"categories":[241,235],"tags":[],"class_list":{"0":"post-90367","1":"post","2":"type-post","3":"status-publish","4":"format-standard","5":"has-post-thumbnail","7":"category-aktualitet","8":"category-vendi"},"_links":{"self":[{"href":"https:\/\/zjarr.tv\/en\/wp-json\/wp\/v2\/posts\/90367","targetHints":{"allow":["GET"]}}],"collection":[{"href":"https:\/\/zjarr.tv\/en\/wp-json\/wp\/v2\/posts"}],"about":[{"href":"https:\/\/zjarr.tv\/en\/wp-json\/wp\/v2\/types\/post"}],"author":[{"embeddable":true,"href":"https:\/\/zjarr.tv\/en\/wp-json\/wp\/v2\/users\/2013"}],"replies":[{"embeddable":true,"href":"https:\/\/zjarr.tv\/en\/wp-json\/wp\/v2\/comments?post=90367"}],"version-history":[{"count":0,"href":"https:\/\/zjarr.tv\/en\/wp-json\/wp\/v2\/posts\/90367\/revisions"}],"wp:featuredmedia":[{"embeddable":true,"href":"https:\/\/zjarr.tv\/en\/wp-json\/wp\/v2\/media\/41498"}],"wp:attachment":[{"href":"https:\/\/zjarr.tv\/en\/wp-json\/wp\/v2\/media?parent=90367"}],"wp:term":[{"taxonomy":"category","embeddable":true,"href":"https:\/\/zjarr.tv\/en\/wp-json\/wp\/v2\/categories?post=90367"},{"taxonomy":"post_tag","embeddable":true,"href":"https:\/\/zjarr.tv\/en\/wp-json\/wp\/v2\/tags?post=90367"}],"curies":[{"name":"wp","href":"https:\/\/api.w.org\/{rel}","templated":true}]}}