{"id":90371,"date":"2019-06-16T14:16:40","date_gmt":"2019-06-16T12:16:40","guid":{"rendered":"https:\/\/zjarr.tv\/?p=90371"},"modified":"2019-06-16T14:16:40","modified_gmt":"2019-06-16T12:16:40","slug":"kryebashkiaku-te-gjithe-nga-4-veta-ne-miting-me-ramen-perndryshe","status":"publish","type":"post","link":"https:\/\/zjarr.tv\/en\/kryebashkiaku-te-gjithe-nga-4-veta-ne-miting-me-ramen-perndryshe\/","title":{"rendered":"Kryebashkiaku: T\u00eb gjith\u00eb nga 4 veta n\u00eb miting me Ram\u00ebn, p\u00ebrndryshe &#8230;"},"content":{"rendered":"<p>Takimet-tallave t\u00eb Edi Ram\u00ebs n\u00ebp\u00ebr rrethet e jugut t\u00eb Shqip\u00ebris\u00eb jan\u00eb kthyer n\u00eb tubime presioni ndaj administrat\u00ebs shtet\u00ebrore.<\/p>\n<p>P\u00ebrve\u2019 se shoq\u00ebrohet me autobus\u00eb t\u00eb mbushur me militant\u00eb n\u00ebp\u00ebr rrethe t\u00eb tjera t\u00eb vendit, kandidat\u00ebt e Ram\u00ebs b\u00ebjn\u00eb edhe presione ndaj t\u00eb pun\u00ebsuarve duke i detyruar q\u00eb t\u00eb sjellin njer\u00ebz me vete.<\/p>\n<p>Nj\u00eb rast i till\u00eb \u00ebsht\u00eb edhe i G\u00ebzim Top\u2019iut n\u00eb Maliq, kandidat p\u00ebr her\u00eb t\u00eb 7-t\u00eb n\u00eb k\u00ebt\u00eb bashki t\u00eb Kor\u2019\u00ebs.<\/p>\n<p>Denoncimi \u00ebsht\u00eb b\u00ebr\u00eb nga ish-deputeti Ervin Salianji:<\/p>\n<p>Shetitjet poshteruese t\u00eb Ram\u00ebs me administrat\u00ebn vijojn\u00eb si eskursione n\u00eb \u00e7do v\u00ebnd!<\/p>\n<p>Takimi i tanish\u00ebm n\u00eb Maliq i mbushur me autobuz\u00eb nga administrata e gjith\u00eb qarkut Kor\u00e7\u00eb, per pak videot nga cdo zone ku po mblidhen!<\/p>\n<p>Nd\u00ebrkoh\u00eb kryetari i bashkis\u00eb q\u00eb k\u00earkon mandatin e gjasht\u00eb k\u00ebrc\u00ebnon punonj\u00ebsit e administrat\u00ebs me vendin e pun\u00eas nese nuk sjellin 4 persona!<\/p>\n<p>Nj\u00ebsoj sic kercenon 1600 familjet me ndihm\u00eb ekonomike, njesoj si kercenohen bizneset me gjiba dhe familjaret me buken e goj\u00ebs!<\/p>\n<p><a href=\"https:\/\/zjarr.tv\/wp-content\/uploads\/2019\/06\/auto_64327351_2349734025049060_4427744010932584448_n1560681911.jpg\"><img loading=\"lazy\" decoding=\"async\" class=\"alignnone size-medium wp-image-90372\" src=\"https:\/\/zjarr.tv\/wp-content\/uploads\/2019\/06\/auto_64327351_2349734025049060_4427744010932584448_n1560681911-300x300.jpg\" alt=\"\" width=\"300\" height=\"300\" srcset=\"https:\/\/zjarr.tv\/wp-content\/uploads\/2019\/06\/auto_64327351_2349734025049060_4427744010932584448_n1560681911-300x300.jpg 300w, https:\/\/zjarr.tv\/wp-content\/uploads\/2019\/06\/auto_64327351_2349734025049060_4427744010932584448_n1560681911-150x150.jpg 150w, https:\/\/zjarr.tv\/wp-content\/uploads\/2019\/06\/auto_64327351_2349734025049060_4427744010932584448_n1560681911-768x766.jpg 768w, https:\/\/zjarr.tv\/wp-content\/uploads\/2019\/06\/auto_64327351_2349734025049060_4427744010932584448_n1560681911-696x694.jpg 696w, https:\/\/zjarr.tv\/wp-content\/uploads\/2019\/06\/auto_64327351_2349734025049060_4427744010932584448_n1560681911-421x420.jpg 421w, https:\/\/zjarr.tv\/wp-content\/uploads\/2019\/06\/auto_64327351_2349734025049060_4427744010932584448_n1560681911.jpg 900w\" sizes=\"auto, (max-width: 300px) 100vw, 300px\" \/><\/a><\/p>","protected":false},"excerpt":{"rendered":"<p>Takimet-tallave t\u00eb Edi Ram\u00ebs n\u00ebp\u00ebr rrethet e jugut t\u00eb Shqip\u00ebris\u00eb jan\u00eb kthyer n\u00eb tubime presioni ndaj administrat\u00ebs shtet\u00ebrore. P\u00ebrve\u2019 se shoq\u00ebrohet me autobus\u00eb t\u00eb mbushur me militant\u00eb n\u00ebp\u00ebr rrethe t\u00eb tjera t\u00eb vendit, kandidat\u00ebt e Ram\u00ebs b\u00ebjn\u00eb edhe presione ndaj t\u00eb pun\u00ebsuarve duke i detyruar q\u00eb t\u00eb sjellin njer\u00ebz me vete. Nj\u00eb rast i till\u00eb [&hellip;]<\/p>\n","protected":false},"author":2013,"featured_media":90316,"comment_status":"open","ping_status":"closed","sticky":false,"template":"","format":"standard","meta":{"footnotes":""},"categories":[241,235],"tags":[],"class_list":{"0":"post-90371","1":"post","2":"type-post","3":"status-publish","4":"format-standard","5":"has-post-thumbnail","7":"category-aktualitet","8":"category-vendi"},"_links":{"self":[{"href":"https:\/\/zjarr.tv\/en\/wp-json\/wp\/v2\/posts\/90371","targetHints":{"allow":["GET"]}}],"collection":[{"href":"https:\/\/zjarr.tv\/en\/wp-json\/wp\/v2\/posts"}],"about":[{"href":"https:\/\/zjarr.tv\/en\/wp-json\/wp\/v2\/types\/post"}],"author":[{"embeddable":true,"href":"https:\/\/zjarr.tv\/en\/wp-json\/wp\/v2\/users\/2013"}],"replies":[{"embeddable":true,"href":"https:\/\/zjarr.tv\/en\/wp-json\/wp\/v2\/comments?post=90371"}],"version-history":[{"count":0,"href":"https:\/\/zjarr.tv\/en\/wp-json\/wp\/v2\/posts\/90371\/revisions"}],"wp:featuredmedia":[{"embeddable":true,"href":"https:\/\/zjarr.tv\/en\/wp-json\/wp\/v2\/media\/90316"}],"wp:attachment":[{"href":"https:\/\/zjarr.tv\/en\/wp-json\/wp\/v2\/media?parent=90371"}],"wp:term":[{"taxonomy":"category","embeddable":true,"href":"https:\/\/zjarr.tv\/en\/wp-json\/wp\/v2\/categories?post=90371"},{"taxonomy":"post_tag","embeddable":true,"href":"https:\/\/zjarr.tv\/en\/wp-json\/wp\/v2\/tags?post=90371"}],"curies":[{"name":"wp","href":"https:\/\/api.w.org\/{rel}","templated":true}]}}