{"id":90374,"date":"2019-06-16T14:18:01","date_gmt":"2019-06-16T12:18:01","guid":{"rendered":"https:\/\/zjarr.tv\/?p=90374"},"modified":"2019-06-16T14:18:01","modified_gmt":"2019-06-16T12:18:01","slug":"bie-nga-skela-humb-jeten-punetori-ne-lezhe","status":"publish","type":"post","link":"https:\/\/zjarr.tv\/en\/bie-nga-skela-humb-jeten-punetori-ne-lezhe\/","title":{"rendered":"Bie nga skela, humb jet\u00ebn pun\u00ebtori n\u00eb Lezh\u00eb"},"content":{"rendered":"<p>Nj\u00eb tjet\u00ebr ngjarje e r\u00ebnd\u00eb ka ndodhur k\u00ebt\u00eb t\u00eb diel.<\/p>\n<p>Nj\u00eb 43-vje\u00e7ar ka humbur jet\u00ebn dit\u00ebn e sotme n\u00eb Lezh\u00eb.<\/p>\n<p>Pun\u00ebtori me inicialet M. Sh., ka qen\u00eb duke punuar n\u00eb lart\u00ebsi kur ka r\u00ebn\u00eb nga skela dhe \u00ebsht\u00eb plagosur r\u00ebnd\u00eb.<\/p>\n<p>Ai \u00ebsht\u00eb d\u00ebrguar me urgjenc\u00eb n\u00eb spitalin e Lezh\u00ebs dhe \u00ebsht\u00eb futur n\u00eb sall\u00ebn e operacionit.<\/p>\n<p>Por ai ka nd\u00ebrruar jet\u00eb.<\/p>\n<p>Burime nga policia than\u00eb se 43-vje\u00e7ari \u00a0kishte marr\u00eb plag\u00eb t\u00eb r\u00ebnda n\u00eb trup.<\/p>\n<p>Kan\u00eb nisur hetimet p\u00ebr t\u00eb zbardhur shkaqet e ngjarjes s\u00eb r\u00ebnd\u00eb.<\/p>\n<p>&nbsp;<\/p>","protected":false},"excerpt":{"rendered":"<p>Nj\u00eb tjet\u00ebr ngjarje e r\u00ebnd\u00eb ka ndodhur k\u00ebt\u00eb t\u00eb diel. Nj\u00eb 43-vje\u00e7ar ka humbur jet\u00ebn dit\u00ebn e sotme n\u00eb Lezh\u00eb. Pun\u00ebtori me inicialet M. Sh., ka qen\u00eb duke punuar n\u00eb lart\u00ebsi kur ka r\u00ebn\u00eb nga skela dhe \u00ebsht\u00eb plagosur r\u00ebnd\u00eb. Ai \u00ebsht\u00eb d\u00ebrguar me urgjenc\u00eb n\u00eb spitalin e Lezh\u00ebs dhe \u00ebsht\u00eb futur n\u00eb sall\u00ebn e [&hellip;]<\/p>\n","protected":false},"author":2013,"featured_media":90375,"comment_status":"open","ping_status":"closed","sticky":false,"template":"","format":"standard","meta":{"footnotes":""},"categories":[241,235],"tags":[],"class_list":{"0":"post-90374","1":"post","2":"type-post","3":"status-publish","4":"format-standard","5":"has-post-thumbnail","7":"category-aktualitet","8":"category-vendi"},"_links":{"self":[{"href":"https:\/\/zjarr.tv\/en\/wp-json\/wp\/v2\/posts\/90374","targetHints":{"allow":["GET"]}}],"collection":[{"href":"https:\/\/zjarr.tv\/en\/wp-json\/wp\/v2\/posts"}],"about":[{"href":"https:\/\/zjarr.tv\/en\/wp-json\/wp\/v2\/types\/post"}],"author":[{"embeddable":true,"href":"https:\/\/zjarr.tv\/en\/wp-json\/wp\/v2\/users\/2013"}],"replies":[{"embeddable":true,"href":"https:\/\/zjarr.tv\/en\/wp-json\/wp\/v2\/comments?post=90374"}],"version-history":[{"count":0,"href":"https:\/\/zjarr.tv\/en\/wp-json\/wp\/v2\/posts\/90374\/revisions"}],"wp:featuredmedia":[{"embeddable":true,"href":"https:\/\/zjarr.tv\/en\/wp-json\/wp\/v2\/media\/90375"}],"wp:attachment":[{"href":"https:\/\/zjarr.tv\/en\/wp-json\/wp\/v2\/media?parent=90374"}],"wp:term":[{"taxonomy":"category","embeddable":true,"href":"https:\/\/zjarr.tv\/en\/wp-json\/wp\/v2\/categories?post=90374"},{"taxonomy":"post_tag","embeddable":true,"href":"https:\/\/zjarr.tv\/en\/wp-json\/wp\/v2\/tags?post=90374"}],"curies":[{"name":"wp","href":"https:\/\/api.w.org\/{rel}","templated":true}]}}