{"id":90377,"date":"2019-06-16T14:19:45","date_gmt":"2019-06-16T12:19:45","guid":{"rendered":"https:\/\/zjarr.tv\/?p=90377"},"modified":"2019-06-16T14:19:45","modified_gmt":"2019-06-16T12:19:45","slug":"gjyqi-per-florenc-capjan-e-dy-gazetaret-e-ama-blindohet-gjykata","status":"publish","type":"post","link":"https:\/\/zjarr.tv\/en\/gjyqi-per-florenc-capjan-e-dy-gazetaret-e-ama-blindohet-gjykata\/","title":{"rendered":"Gjyqi p\u00ebr Florenc \u00c7apjan e dy gazetar\u00ebt e AMA, blindohet gjykata"},"content":{"rendered":"<p>Edhe pse fundjav\u00eb n\u00eb Gjykat\u00ebn e Rrethit Gjyq\u00ebsor t\u00eb Elbasanit kjo e diel \u00ebsht\u00eb nj\u00eb dit\u00eb pune jasht\u00ebzanisht e mbingarkuar. Gjat\u00eb k\u00ebsaj dite po jepen rreth 20 masa sigurie p\u00ebr t\u00eb arrestuarit gjat\u00eb operacioneve \u201cTranzit\u201d,\u201dKrasta\u201d \u201cAma\u201d si dhe p\u00ebr t\u00eb arrestuarit pas protest\u00ebs antiqeveritare t\u00eb zhvilluar n\u00eb mesjav\u00eb n\u00eb Librazhd.<\/p>\n<p>Fillimisht kan\u00eb filluar seancat p\u00ebr caktimin e mas\u00ebs s\u00eb siguris\u00eb p\u00ebr t\u00eb arrestuarit e operacionit \u201cKrasta\u201d si dhe p\u00ebr gazetar\u00ebt e arrestuar nga p\u00ebrgjimet. Seancat t\u00eb gjitha po zhvillohen me dyer t\u00eb mbyllura. P\u0113r t\u00eb arrestuarit gjat\u00eb operacionit \u201cKrasta \u201d masa e siguris\u00eb do t\u00eb jepet nga gjyqtarja Idush Maliqi dhe ajo e AMA-s, Matilda Fetahu. Nd\u00ebrsa p\u00ebr \u00e7\u00ebshtjen \u201cAma\u201d, gjyqtare \u00ebsht\u00eb Matilda Fetahu dhe Prokuror Ritvan Sukaj.<\/p>\n<p>P\u00ebr shkak t\u00eb intensitetit t\u00eb pun\u00ebs dhe krijimin e kushteve normale, perimetri i Gjykat\u00ebs s\u00eb Rrethit Gjyq\u00ebsor t\u00eb Elbasanit \u00ebsht\u00eb vendosur n\u00ebn masa t\u00eb t\u00eb rrepta sigurie, nd\u00ebrkoh\u00eb q\u00eb pas nisjes s\u00eb seancave, avokat\u00ebt kan\u00eb k\u00ebrkuar nga nj\u00eb or\u00eb e gjysm\u00eb koh\u00eb p\u00ebr t\u00eb shqyrtuar materialet q\u00eb u jan\u00eb v\u0113n\u00eb n\u00eb dispozicion.<\/p>\n<p>operacionit \u201cKrasta\u201d u finalizua pas disa viteve hetime dhe p\u00ebrgjimesh nga t\u00eb cilat u mund\u00ebsua dokumentimi edhe i tri ngjarje kriminale t\u00eb ndodhura vite m\u00eb par\u00eb n\u00eb Elbasan ku implikohen edhe pjestar\u00eb nga fisi \u00c7apja p\u00ebr hakmarrjet me familjen Mema dhe gjithashtu u zbulua dhe goditet edhe nj\u00eb rast korrupsioni i kryer nga punonj\u00ebs shtet\u00ebror\u00eb t\u00eb Autoritetit t\u00eb Mediave Audiovizive, duke v\u00ebn\u00eb n\u00eb pranga 7 persona, mes t\u00eb cil\u00ebve dy gazetar\u00eb duke sjell\u00eb arrestimin e tyre.<\/p>\n<p>Gjat\u00eb operacionit t\u00eb koduar \u201cKrasta\u201d u arrestua Florenc \u00c7apjajt, nj\u00eb em\u00ebr i ky i njohur n\u00eb bot\u00ebn e krimit, dhe 9 personave t\u00eb tjer\u00eb. Ai u prangos p\u00ebr akuz\u00ebn e tentativ\u00ebs s\u00eb vrasjes t\u00eb ndodhur 13 vite m\u00eb par\u00eb n\u00eb qytetin e Elbasanit t\u00eb ish-policit Fadil Mema. Nd\u00ebrkoh\u00eb para godin\u00ebs s\u00eb Gjykat\u00ebs s\u00eb Elbasanit ka patur prani t\u00eb madhe personash ku shumica jan\u00eb t\u00eb af\u00ebrm t\u00eb arrestuarve, pjesmarr\u00ebs n\u00eb protest\u00ebn kund\u00ebr kryeministrit n\u00eb Librazhd.Mes tyre jan\u00eb edhe ish deputet\u00eb e ish ministra t\u00eb PD.<\/p>\n<p>&nbsp;<\/p>","protected":false},"excerpt":{"rendered":"<p>Edhe pse fundjav\u00eb n\u00eb Gjykat\u00ebn e Rrethit Gjyq\u00ebsor t\u00eb Elbasanit kjo e diel \u00ebsht\u00eb nj\u00eb dit\u00eb pune jasht\u00ebzanisht e mbingarkuar. Gjat\u00eb k\u00ebsaj dite po jepen rreth 20 masa sigurie p\u00ebr t\u00eb arrestuarit gjat\u00eb operacioneve \u201cTranzit\u201d,\u201dKrasta\u201d \u201cAma\u201d si dhe p\u00ebr t\u00eb arrestuarit pas protest\u00ebs antiqeveritare t\u00eb zhvilluar n\u00eb mesjav\u00eb n\u00eb Librazhd. Fillimisht kan\u00eb filluar seancat p\u00ebr [&hellip;]<\/p>\n","protected":false},"author":2013,"featured_media":90378,"comment_status":"open","ping_status":"closed","sticky":false,"template":"","format":"standard","meta":{"footnotes":""},"categories":[241,235],"tags":[],"class_list":{"0":"post-90377","1":"post","2":"type-post","3":"status-publish","4":"format-standard","5":"has-post-thumbnail","7":"category-aktualitet","8":"category-vendi"},"_links":{"self":[{"href":"https:\/\/zjarr.tv\/en\/wp-json\/wp\/v2\/posts\/90377","targetHints":{"allow":["GET"]}}],"collection":[{"href":"https:\/\/zjarr.tv\/en\/wp-json\/wp\/v2\/posts"}],"about":[{"href":"https:\/\/zjarr.tv\/en\/wp-json\/wp\/v2\/types\/post"}],"author":[{"embeddable":true,"href":"https:\/\/zjarr.tv\/en\/wp-json\/wp\/v2\/users\/2013"}],"replies":[{"embeddable":true,"href":"https:\/\/zjarr.tv\/en\/wp-json\/wp\/v2\/comments?post=90377"}],"version-history":[{"count":0,"href":"https:\/\/zjarr.tv\/en\/wp-json\/wp\/v2\/posts\/90377\/revisions"}],"wp:featuredmedia":[{"embeddable":true,"href":"https:\/\/zjarr.tv\/en\/wp-json\/wp\/v2\/media\/90378"}],"wp:attachment":[{"href":"https:\/\/zjarr.tv\/en\/wp-json\/wp\/v2\/media?parent=90377"}],"wp:term":[{"taxonomy":"category","embeddable":true,"href":"https:\/\/zjarr.tv\/en\/wp-json\/wp\/v2\/categories?post=90377"},{"taxonomy":"post_tag","embeddable":true,"href":"https:\/\/zjarr.tv\/en\/wp-json\/wp\/v2\/tags?post=90377"}],"curies":[{"name":"wp","href":"https:\/\/api.w.org\/{rel}","templated":true}]}}