{"id":90380,"date":"2019-06-16T14:21:22","date_gmt":"2019-06-16T12:21:22","guid":{"rendered":"https:\/\/zjarr.tv\/?p=90380"},"modified":"2019-06-16T14:21:22","modified_gmt":"2019-06-16T12:21:22","slug":"qeveria-e-mafias-rama-keshilltari-i-cdu-populli-te-vendose","status":"publish","type":"post","link":"https:\/\/zjarr.tv\/en\/qeveria-e-mafias-rama-keshilltari-i-cdu-populli-te-vendose\/","title":{"rendered":"\u201cQeveria e mafias Rama\u201d, k\u00ebshilltari i CDU: Populli t\u00eb vendos\u00eb"},"content":{"rendered":"<p>K\u00ebshilltari ekonomik i Grupit Parlamentar CDU n\u00eb Bundestagun gjerman, Martin Henze p\u00ebrmes nj\u00eb postimi n\u00eb rrjetet sociale, i referohet p\u00ebrgjimeve t\u00eb Bild dhe e konsideron qeverin\u00eb shqiptare si e ashtuquajtura \u201cqeveria e mafias Rama\u201d, e cila sipas tij nuk ka p\u00ebrmbushur asnj\u00eb pik\u00eb t\u00eb vetme p\u00ebr hapjen e negociatave me BE.<\/p>\n<p>Henze thot\u00eb se \u00ebsht\u00eb populli ai q\u00eb duhet t\u00eb b\u00ebj\u00eb diferenc\u00ebn dhe t\u00eb zgjedh\u00eb mes saj e forcave demokratike t\u00eb opozit\u00ebs.<\/p>\n<p><strong>STATUSI I PLOTE<\/strong><br \/>\nE cil\u00ebsuar nga prestigjiozja gjermane \u201cBILD\u201d si \u201cqeveria e mafias Rama, mban p\u00ebrgjegj\u00ebsi jo vet\u00ebm p\u00ebr gjendjen e keqe ekonomike, p\u00ebr shkat\u00ebrrimin e sistemit gjyq\u00ebsor dhe t\u00eb parlamentit, p\u00ebr korrupsionin n\u00eb administrat\u00ebn publike, varf\u00ebrin\u00eb dhe largimin masiv t\u00eb t\u00eb rinjve shqiptar\u00eb, shkat\u00ebrrimin e familjeve shqiptare, manipulimin n\u00eb zgjedhjet e fundit parlamentare s\u00eb bashku me mafian, por, gjithashtu \u00ebsht\u00eb politikisht p\u00ebrgjegj\u00ebse sepse nuk ka p\u00ebrmbushuar asnj\u00eb pik\u00eb t\u00eb vetme p\u00ebr hapjen e bisedimeve me BE-n\u00eb.<\/p>\n<p>E ashtuquajtura \u201cqeveria e mafias Rama\u201d \u00ebsht\u00eb p\u00ebrgjegj\u00ebse p\u00ebr k\u00ebt\u00eb. Tani \u00ebsht\u00eb koha q\u00eb populli shqiptar t\u00eb vendos\u00eb: a d\u00ebshiron ta mbaj\u00eb ende n\u00eb k\u00ebmb\u00eb k\u00ebt\u00eb qeveri, mafian, urin\u00eb, varf\u00ebrin\u00eb, korrupsionin, antidemokracin\u00eb, prostitucionin, trafikimin e drog\u00ebs dhe largimin masiv apo d\u00ebshiron nj\u00eb t\u00eb ardhme n\u00eb Bashkimin Europian?<\/p>\n<p>N\u00ebse e populli d\u00ebshiron t\u00eb ardhmen e tij n\u00eb BE, duhet t\u00eb b\u00ebj\u00eb nj\u00eb angazhim politik me forcat demokratike t\u00eb opozit\u00eb.<\/p>\n<p>&nbsp;<\/p>","protected":false},"excerpt":{"rendered":"<p>K\u00ebshilltari ekonomik i Grupit Parlamentar CDU n\u00eb Bundestagun gjerman, Martin Henze p\u00ebrmes nj\u00eb postimi n\u00eb rrjetet sociale, i referohet p\u00ebrgjimeve t\u00eb Bild dhe e konsideron qeverin\u00eb shqiptare si e ashtuquajtura \u201cqeveria e mafias Rama\u201d, e cila sipas tij nuk ka p\u00ebrmbushur asnj\u00eb pik\u00eb t\u00eb vetme p\u00ebr hapjen e negociatave me BE. Henze thot\u00eb se \u00ebsht\u00eb [&hellip;]<\/p>\n","protected":false},"author":2013,"featured_media":85658,"comment_status":"open","ping_status":"closed","sticky":false,"template":"","format":"standard","meta":{"footnotes":""},"categories":[241,235],"tags":[],"class_list":{"0":"post-90380","1":"post","2":"type-post","3":"status-publish","4":"format-standard","5":"has-post-thumbnail","7":"category-aktualitet","8":"category-vendi"},"_links":{"self":[{"href":"https:\/\/zjarr.tv\/en\/wp-json\/wp\/v2\/posts\/90380","targetHints":{"allow":["GET"]}}],"collection":[{"href":"https:\/\/zjarr.tv\/en\/wp-json\/wp\/v2\/posts"}],"about":[{"href":"https:\/\/zjarr.tv\/en\/wp-json\/wp\/v2\/types\/post"}],"author":[{"embeddable":true,"href":"https:\/\/zjarr.tv\/en\/wp-json\/wp\/v2\/users\/2013"}],"replies":[{"embeddable":true,"href":"https:\/\/zjarr.tv\/en\/wp-json\/wp\/v2\/comments?post=90380"}],"version-history":[{"count":0,"href":"https:\/\/zjarr.tv\/en\/wp-json\/wp\/v2\/posts\/90380\/revisions"}],"wp:featuredmedia":[{"embeddable":true,"href":"https:\/\/zjarr.tv\/en\/wp-json\/wp\/v2\/media\/85658"}],"wp:attachment":[{"href":"https:\/\/zjarr.tv\/en\/wp-json\/wp\/v2\/media?parent=90380"}],"wp:term":[{"taxonomy":"category","embeddable":true,"href":"https:\/\/zjarr.tv\/en\/wp-json\/wp\/v2\/categories?post=90380"},{"taxonomy":"post_tag","embeddable":true,"href":"https:\/\/zjarr.tv\/en\/wp-json\/wp\/v2\/tags?post=90380"}],"curies":[{"name":"wp","href":"https:\/\/api.w.org\/{rel}","templated":true}]}}