{"id":90387,"date":"2019-06-16T14:25:21","date_gmt":"2019-06-16T12:25:21","guid":{"rendered":"https:\/\/zjarr.tv\/?p=90387"},"modified":"2019-06-16T14:25:21","modified_gmt":"2019-06-16T12:25:21","slug":"shtyhet-ne-oren-1430-seanca-per-kreret-e-pd-se-librazhit-dhe-prrenjasit","status":"publish","type":"post","link":"https:\/\/zjarr.tv\/en\/shtyhet-ne-oren-1430-seanca-per-kreret-e-pd-se-librazhit-dhe-prrenjasit\/","title":{"rendered":"Shtyhet n\u00eb or\u00ebn 14:30 seanca p\u00ebr krer\u00ebt e PD s\u00eb Librazhit dhe Prrenjasit"},"content":{"rendered":"<p>Shtyhet p\u00ebr n\u00eb or\u00ebn 14:30 gjyqi p\u00ebr dy kryetar\u00ebt e deg\u00ebve t\u00eb Partis\u00eb Demokratike t\u00eb Librazhdit e Prrenjasit, Arjan Karriqi dhe Bujar Vreto.<\/p>\n<p>P\u00ebrpara dy dit\u00ebve policia arrestoi ish-deputetin e PD-s\u00eb, Aurel Bylykbashi.<\/p>\n<p>T\u00eb arrestuarit akuzohen p\u00ebr pjes\u00ebmarrje n\u00eb tubime t\u00eb paligjshme, pengim t\u00eb qarkullimit, pengim t\u00eb subjekteve zgjedhore.<\/p>\n<p>&nbsp;<\/p>","protected":false},"excerpt":{"rendered":"<p>Shtyhet p\u00ebr n\u00eb or\u00ebn 14:30 gjyqi p\u00ebr dy kryetar\u00ebt e deg\u00ebve t\u00eb Partis\u00eb Demokratike t\u00eb Librazhdit e Prrenjasit, Arjan Karriqi dhe Bujar Vreto. P\u00ebrpara dy dit\u00ebve policia arrestoi ish-deputetin e PD-s\u00eb, Aurel Bylykbashi. T\u00eb arrestuarit akuzohen p\u00ebr pjes\u00ebmarrje n\u00eb tubime t\u00eb paligjshme, pengim t\u00eb qarkullimit, pengim t\u00eb subjekteve zgjedhore. &nbsp;<\/p>","protected":false},"author":2013,"featured_media":90388,"comment_status":"open","ping_status":"closed","sticky":false,"template":"","format":"standard","meta":{"footnotes":""},"categories":[241,235],"tags":[],"class_list":{"0":"post-90387","1":"post","2":"type-post","3":"status-publish","4":"format-standard","5":"has-post-thumbnail","7":"category-aktualitet","8":"category-vendi"},"_links":{"self":[{"href":"https:\/\/zjarr.tv\/en\/wp-json\/wp\/v2\/posts\/90387","targetHints":{"allow":["GET"]}}],"collection":[{"href":"https:\/\/zjarr.tv\/en\/wp-json\/wp\/v2\/posts"}],"about":[{"href":"https:\/\/zjarr.tv\/en\/wp-json\/wp\/v2\/types\/post"}],"author":[{"embeddable":true,"href":"https:\/\/zjarr.tv\/en\/wp-json\/wp\/v2\/users\/2013"}],"replies":[{"embeddable":true,"href":"https:\/\/zjarr.tv\/en\/wp-json\/wp\/v2\/comments?post=90387"}],"version-history":[{"count":0,"href":"https:\/\/zjarr.tv\/en\/wp-json\/wp\/v2\/posts\/90387\/revisions"}],"wp:featuredmedia":[{"embeddable":true,"href":"https:\/\/zjarr.tv\/en\/wp-json\/wp\/v2\/media\/90388"}],"wp:attachment":[{"href":"https:\/\/zjarr.tv\/en\/wp-json\/wp\/v2\/media?parent=90387"}],"wp:term":[{"taxonomy":"category","embeddable":true,"href":"https:\/\/zjarr.tv\/en\/wp-json\/wp\/v2\/categories?post=90387"},{"taxonomy":"post_tag","embeddable":true,"href":"https:\/\/zjarr.tv\/en\/wp-json\/wp\/v2\/tags?post=90387"}],"curies":[{"name":"wp","href":"https:\/\/api.w.org\/{rel}","templated":true}]}}