{"id":90400,"date":"2019-06-16T15:00:41","date_gmt":"2019-06-16T13:00:41","guid":{"rendered":"https:\/\/zjarr.tv\/?p=90400"},"modified":"2019-06-16T15:00:41","modified_gmt":"2019-06-16T13:00:41","slug":"zaev-duam-daten-jo-anetaresimin-e-menjehershem-ne-be","status":"publish","type":"post","link":"https:\/\/zjarr.tv\/en\/zaev-duam-daten-jo-anetaresimin-e-menjehershem-ne-be\/","title":{"rendered":"Zaev: Duam dat\u00ebn, jo an\u00ebtar\u00ebsimin e menj\u00ebhersh\u00ebm n\u00eb BE"},"content":{"rendered":"<p>Kryeministri i Maqedonis\u00eb s\u00eb Veriut, Zoran Zaev, u ka b\u00ebr\u00eb thirrje vendeve an\u00ebtare t\u00eb Bashkimit Evropian q\u00eb t\u00eb caktojn\u00eb dat\u00ebn e nisjes s\u00eb bisedimeve p\u00ebr an\u00ebtar\u00ebsim, proces ky n\u00ebp\u00ebr t\u00eb cilin duhet t\u00eb kaloj vendi n\u00eb rrug\u00ebn e an\u00ebtar\u00ebsimin t\u00eb plot\u00eb n\u00eb union.<\/p>\n<p>\u201cNe k\u00ebrkojm\u00eb dat\u00ebn e bisedimeve dhe jo an\u00ebtar\u00ebsim t\u00eb menj\u00ebhersh\u00ebm. Ne k\u00ebrkojm\u00eb q\u00eb t\u00eb vler\u00ebsohet angazhimi q\u00eb kemi b\u00ebr\u00eb. BE-ja \u00ebsht\u00eb t\u00ebrheq\u00ebse p\u00ebr ne dhe kjo na motivon. Deri tani, kemi b\u00ebr\u00eb shum\u00eb dhe kemi besim n\u00eb Evrop\u00ebn. Ne ndryshuam emrin dhe ruajt\u00ebm identitetin\u201d, ka deklaruar Zaev n\u00eb nj\u00eb forum nd\u00ebrkomb\u00ebtar n\u00eb Austri, ku kan\u00eb marrur pjes\u00eb edhe p\u00ebrfaq\u00ebsues t\u00eb lart\u00eb evropian. Kryeministri maqedonas, si\u00e7 ka njoftuar kabineti i tij, ka takuar komisionarin p\u00ebr zgjerim, Johannes Hahn, t\u00eb cilit i ka th\u00ebn\u00eb se \u201cmarrja e dat\u00ebs p\u00ebr fillimin e negociatave do t\u00eb jet\u00eb e r\u00ebnd\u00ebsishme p\u00ebr vendin, sepse do t\u00eb jet\u00eb motiv shtes\u00eb p\u00ebr vazhdimin e zbatimit t\u00eb reformave n\u00eb t\u00eb gjitha fushat me rrit\u00ebm m\u00eb t\u00eb shpejtuar\u201d.<\/p>\n<p>Komisionari Hahn, si\u00e7 thuhet n\u00eb njoftim, ka p\u00ebrg\u00ebzuar Maqedonin\u00eb e Veriut dhe kryeministrit Zaev p\u00ebr pun\u00ebn e b\u00ebr\u00eb, e cila sipas tij duhet t\u00eb vler\u00ebsohet nga BE-ja.<\/p>\n<p>Nd\u00ebrkoh\u00eb. opozita n\u00eb Shkup ka th\u00ebn\u00eb se \u00ebsht\u00eb n\u00eb pritje t\u00eb p\u00ebrgjigjes s\u00eb Zaevit lidhur me gatishm\u00ebrin\u00eb e saj p\u00ebr t\u00eb kontribuar n\u00eb marrjen e dat\u00ebs s\u00eb bisedimeve. Opozita thot\u00eb se data nuk \u00ebsht\u00eb marr pasi nuk jan\u00eb b\u00ebr\u00eb reformat.<\/p>\n<p>\u201cJemi t\u00eb gatsh\u00ebm q\u00eb t\u2019i ofrojm\u00eb t\u00eb gjitha kapacitetet tona q\u00eb t\u00eb p\u00ebrmir\u00ebsohen ata standarde q\u00eb do t\u00eb n\u00ebnkuptonin an\u00ebtar\u00ebsim m\u00eb t\u00eb shpejt\u00eb t\u00eb Maqedonis\u00eb n\u00eb BE, marrje t\u00eb dat\u00ebs dhe zbatimin ereformave. Reformat ngecin dhe pik\u00ebrisht p\u00ebr k\u00ebt\u00eb s\u2019kemi dat\u00eb\u201d, ka deklaruar z\u00ebdh\u00ebn\u00ebsi i VMRO DPMNE-s\u00eb, Naum Stoilkovski.<\/p>\n<p>&nbsp;<\/p>","protected":false},"excerpt":{"rendered":"<p>Kryeministri i Maqedonis\u00eb s\u00eb Veriut, Zoran Zaev, u ka b\u00ebr\u00eb thirrje vendeve an\u00ebtare t\u00eb Bashkimit Evropian q\u00eb t\u00eb caktojn\u00eb dat\u00ebn e nisjes s\u00eb bisedimeve p\u00ebr an\u00ebtar\u00ebsim, proces ky n\u00ebp\u00ebr t\u00eb cilin duhet t\u00eb kaloj vendi n\u00eb rrug\u00ebn e an\u00ebtar\u00ebsimin t\u00eb plot\u00eb n\u00eb union. \u201cNe k\u00ebrkojm\u00eb dat\u00ebn e bisedimeve dhe jo an\u00ebtar\u00ebsim t\u00eb menj\u00ebhersh\u00ebm. Ne k\u00ebrkojm\u00eb [&hellip;]<\/p>\n","protected":false},"author":2013,"featured_media":59231,"comment_status":"open","ping_status":"closed","sticky":false,"template":"","format":"standard","meta":{"footnotes":""},"categories":[241,2],"tags":[],"class_list":{"0":"post-90400","1":"post","2":"type-post","3":"status-publish","4":"format-standard","5":"has-post-thumbnail","7":"category-aktualitet","8":"category-rajoni"},"_links":{"self":[{"href":"https:\/\/zjarr.tv\/en\/wp-json\/wp\/v2\/posts\/90400","targetHints":{"allow":["GET"]}}],"collection":[{"href":"https:\/\/zjarr.tv\/en\/wp-json\/wp\/v2\/posts"}],"about":[{"href":"https:\/\/zjarr.tv\/en\/wp-json\/wp\/v2\/types\/post"}],"author":[{"embeddable":true,"href":"https:\/\/zjarr.tv\/en\/wp-json\/wp\/v2\/users\/2013"}],"replies":[{"embeddable":true,"href":"https:\/\/zjarr.tv\/en\/wp-json\/wp\/v2\/comments?post=90400"}],"version-history":[{"count":0,"href":"https:\/\/zjarr.tv\/en\/wp-json\/wp\/v2\/posts\/90400\/revisions"}],"wp:featuredmedia":[{"embeddable":true,"href":"https:\/\/zjarr.tv\/en\/wp-json\/wp\/v2\/media\/59231"}],"wp:attachment":[{"href":"https:\/\/zjarr.tv\/en\/wp-json\/wp\/v2\/media?parent=90400"}],"wp:term":[{"taxonomy":"category","embeddable":true,"href":"https:\/\/zjarr.tv\/en\/wp-json\/wp\/v2\/categories?post=90400"},{"taxonomy":"post_tag","embeddable":true,"href":"https:\/\/zjarr.tv\/en\/wp-json\/wp\/v2\/tags?post=90400"}],"curies":[{"name":"wp","href":"https:\/\/api.w.org\/{rel}","templated":true}]}}