{"id":91382,"date":"2019-06-20T15:34:31","date_gmt":"2019-06-20T13:34:31","guid":{"rendered":"https:\/\/zjarr.tv\/?p=91382"},"modified":"2019-06-20T15:34:31","modified_gmt":"2019-06-20T13:34:31","slug":"kqz-asnje-hap-pas-te-premten-miraton-vezhguesit-e-osbe-odihr-per-zgjedhjet","status":"publish","type":"post","link":"https:\/\/zjarr.tv\/en\/kqz-asnje-hap-pas-te-premten-miraton-vezhguesit-e-osbe-odihr-per-zgjedhjet\/","title":{"rendered":"KQZ asnj\u00eb hap pas, t\u00eb premten miraton v\u00ebzhguesit e OSBE\/ODIHR p\u00ebr zgjedhjet"},"content":{"rendered":"<p>Edhe pas letr\u00ebs s\u00eb Presidentit Ilir Meta drejtuar OSBE-ODIHR ku n\u00ebnvizonte se dekreti i tij p\u00ebr shfuqizimin e 30 qershorit duhet t\u00eb zbatohej nga KQZ, kjo e fundit nuk b\u00ebn asnj\u00eb hap \u00a0pas.<\/p>\n<p>Kat\u00ebr an\u00ebtar\u00ebt e k\u00ebtij institucioni me n\u00eb krye n\u00ebnkryetarin Denar Biba kan\u00eb vendosur t\u00eb vijojn\u00eb me procesin e p\u00ebrgatitjes s\u00eb zgjedhjeve vendore duke thirrur mbledhjen e radh\u00ebs \u00a0t\u00eb premten e 21 qershorit p\u00ebr miratimin e v\u00ebzhguesve afatshkurt\u00ebr t\u00eb OSBE\/ODIHR, p\u00ebr v\u00ebzhgimin e zgjedhjeve p\u00ebr organet e qeverisjes vendore t\u00eb dat\u00ebs 30 qershor 2019\u201d.<\/p>\n<p><strong>Njoftimi i KQZ-s\u00eb p\u00ebr mbledhjen<\/strong><\/p>\n<p><em>Bazuar n\u00eb nenin 22, pika 2, e Kodit Zgjedhor, nenin 12 t\u00eb Rregullores \u201cP\u00ebr organizimin dhe funksionimin e Komisionit Qendror t\u00eb Zgjedhjeve\u201d, \u00a0Zv. Kryetari z. Denar Biba, Anetaret; z. Bledar Skenderi, znj. Edlira Jorgaqi dhe znj. Rezarta Bitri kane kerkuar thirrjen e mbledhjes, m\u00eb dat\u00eb 21.06.2019, Ora 10:00, me rend dite :<\/em><\/p>\n<ol>\n<li><em> \u00a0 \u00a0 \u201cP\u00ebr miratimin e v\u00ebzhguesve afatshkurt\u00ebr t\u00eb OSBE\/ODIHR, p\u00ebr v\u00ebzhgimin e zgjedhjeve p\u00ebr organet e qeverisjes vendore t\u00eb dat\u00ebs 30 qershor 2019\u201d.<\/em><\/li>\n<li><em> \u00a0 \u00a0 \u00a0\u201cP\u00ebr lirimin dhe em\u00ebrimin e an\u00ebtar\u00ebve t\u00eb KZAZ- ve nr. 14, 42, 43, 47, 56, 89 dhe sekretar\u00ebve t\u00eb em\u00ebruar kryesisht t\u00eb KZAZ-ve nr. 24, 36, 54, p\u00ebr zgjedhjet p\u00ebr organet e qeverisjes vendore t\u00eb dat\u00ebs 30 qershor 2019\u201d.<\/em><\/li>\n<li><em> \u00a0 \u00a0 \u201cP\u00ebr miratimin e list\u00ebs em\u00ebrore t\u00eb shtetasve t\u00eb cil\u00ebt mund t\u00eb em\u00ebrohen kryesisht an\u00ebtar\u00eb t\u00eb KQV-ve, p\u00ebr zgjedhjet p\u00ebr organet e qeverisjes vendore t\u00eb dat\u00ebs 30 qershor 2019\u201d.<\/em><\/li>\n<li><em> \u00a0 \u00a0 P\u00ebr dh\u00ebnie autorizimi p\u00ebr ndryshimin e vendndodhjes t\u00eb disa QV-ve, p\u00ebr zgjedhjet p\u00ebr organet e qeverisjes vendore t\u00eb dat\u00ebs 30 qershor 2019\u201d.<\/em><\/li>\n<li><em> \u00a0 \u00a0 \u201cP\u00ebr miratimin e gazetar\u00ebve dhe operator\u00ebve t\u00eb televizionit Vizion Plus, p\u00ebr zgjedhjet p\u00ebr organet e qeverisjes vendore t\u00eb dat\u00ebs 30 qershor 2019\u201d.<\/em><\/li>\n<li><em> \u00a0 \u00a0 \u201cP\u00ebr miratimin e gazetar\u00ebve dhe operator\u00ebve t\u00eb televizionit Report TV, p\u00ebr zgjedhjet p\u00ebr organet e qeverisjes vendore t\u00eb dat\u00ebs 30 qershor 2019\u201d.<\/em><\/li>\n<li><em> \u00a0 \u00a0 \u201cP\u00ebr miratimin e p\u00ebrfaq\u00ebsuesve t\u00eb agjensis\u00eb s\u00eb lajmeve \u201c Anadolu Agency\u201d, p\u00ebr zgjedhjet p\u00ebr organet e qeverisjes vendore t\u00eb dat\u00ebs 30 qershor 2019\u201d.<\/em><\/li>\n<li><em> \u00a0 \u00a0 \u201cP\u00ebr nj\u00eb shtes\u00eb n\u00eb vendimin 647 t\u00eb dat\u00ebs 24.05.2019, p\u00ebr miratimin e v\u00ebzhguesve afatgjat\u00eb nga KRIIK, p\u00ebr zgjedhjet p\u00ebr organet e qeverisjes vendore t\u00eb dat\u00ebs 30 qershor 2019\u201d.<\/em><\/li>\n<li><em> \u00a0 \u00a0 \u201cP\u00ebr miratimin e v\u00ebzhguesve afatshkurt\u00ebr t\u00eb Komisionit Shtet\u00ebror t\u00eb zgjedhjeve t\u00eb Republik\u00ebs t\u00eb Maqedonis\u00eb s\u00eb Veriut, p\u00ebr v\u00ebzhgimin e zgjedhjeve p\u00ebr organet e qeverisjes vendore t\u00eb dat\u00ebs 30 qershor 2019\u201d.<\/em><\/li>\n<li><em> \u00a0 \u00a0 \u00a0 \u00a0 \u00a0 \u00a0\u201cP\u00ebr miratimin e v\u00ebzhguesve afatshkurt\u00ebr dhe p\u00ebrkthyesve t\u00eb Kongresit t\u00eb Autoriteteve Lokale dhe Rajonale t\u00eb K\u00ebshillit t\u00eb Europ\u00ebs, p\u00ebr zgjedhjet p\u00ebr organet e qeverisjes vendore t\u00eb dat\u00ebs 30 qershor 2019\u201d.<\/em><\/li>\n<li><em> \u00a0 \u00a0 \u00a0 \u00a0 \u00a0 \u00a0\u201cP\u00ebr shqyrtimin e k\u00ebrkes\u00ebs t\u00eb Qendr\u00ebs p\u00ebr Zhvillim dhe Mbrojtjen e Medias s\u00eb Re, p\u00ebr zgjedhjet p\u00ebr organet e qeverisjes vendore t\u00eb dat\u00ebs 30 qershor 2019\u201d.<\/em><\/li>\n<li><em> \u00a0 \u00a0 \u00a0 \u00a0 \u00a0 \u00a0P\u00ebr verifikimin e deklarimeve n\u00eb formularin e vet\u00ebdeklarimit t\u00eb kandidat\u00ebve nga listat shumem\u00ebrore p\u00ebr K\u00ebshillat Bashkiak, n\u00eb zbatim t\u00eb ligjit nr.138\/2015 \u201dP\u00ebr garantimin e integritetit t\u00eb personave q\u00eb zgjidhen, em\u00ebrohen ose ushtrojn\u00eb funksione publike\u201d.<\/em><\/li>\n<\/ol>\n<p>&nbsp;<\/p>","protected":false},"excerpt":{"rendered":"<p>Edhe pas letr\u00ebs s\u00eb Presidentit Ilir Meta drejtuar OSBE-ODIHR ku n\u00ebnvizonte se dekreti i tij p\u00ebr shfuqizimin e 30 qershorit duhet t\u00eb zbatohej nga KQZ, kjo e fundit nuk b\u00ebn asnj\u00eb hap \u00a0pas. Kat\u00ebr an\u00ebtar\u00ebt e k\u00ebtij institucioni me n\u00eb krye n\u00ebnkryetarin Denar Biba kan\u00eb vendosur t\u00eb vijojn\u00eb me procesin e p\u00ebrgatitjes s\u00eb zgjedhjeve vendore [&hellip;]<\/p>\n","protected":false},"author":2013,"featured_media":91388,"comment_status":"open","ping_status":"closed","sticky":false,"template":"","format":"standard","meta":{"footnotes":""},"categories":[241,235],"tags":[],"class_list":{"0":"post-91382","1":"post","2":"type-post","3":"status-publish","4":"format-standard","5":"has-post-thumbnail","7":"category-aktualitet","8":"category-vendi"},"_links":{"self":[{"href":"https:\/\/zjarr.tv\/en\/wp-json\/wp\/v2\/posts\/91382","targetHints":{"allow":["GET"]}}],"collection":[{"href":"https:\/\/zjarr.tv\/en\/wp-json\/wp\/v2\/posts"}],"about":[{"href":"https:\/\/zjarr.tv\/en\/wp-json\/wp\/v2\/types\/post"}],"author":[{"embeddable":true,"href":"https:\/\/zjarr.tv\/en\/wp-json\/wp\/v2\/users\/2013"}],"replies":[{"embeddable":true,"href":"https:\/\/zjarr.tv\/en\/wp-json\/wp\/v2\/comments?post=91382"}],"version-history":[{"count":0,"href":"https:\/\/zjarr.tv\/en\/wp-json\/wp\/v2\/posts\/91382\/revisions"}],"wp:featuredmedia":[{"embeddable":true,"href":"https:\/\/zjarr.tv\/en\/wp-json\/wp\/v2\/media\/91388"}],"wp:attachment":[{"href":"https:\/\/zjarr.tv\/en\/wp-json\/wp\/v2\/media?parent=91382"}],"wp:term":[{"taxonomy":"category","embeddable":true,"href":"https:\/\/zjarr.tv\/en\/wp-json\/wp\/v2\/categories?post=91382"},{"taxonomy":"post_tag","embeddable":true,"href":"https:\/\/zjarr.tv\/en\/wp-json\/wp\/v2\/tags?post=91382"}],"curies":[{"name":"wp","href":"https:\/\/api.w.org\/{rel}","templated":true}]}}