{"id":91392,"date":"2019-06-20T15:50:15","date_gmt":"2019-06-20T13:50:15","guid":{"rendered":"https:\/\/zjarr.tv\/?p=91392"},"modified":"2019-06-20T15:50:15","modified_gmt":"2019-06-20T13:50:15","slug":"akuza-e-spiropalit-presidenti-meta-i-hodhi-benzine-zjarrit-me-cdekretimin-e-30-qershorit","status":"publish","type":"post","link":"https:\/\/zjarr.tv\/en\/akuza-e-spiropalit-presidenti-meta-i-hodhi-benzine-zjarrit-me-cdekretimin-e-30-qershorit\/","title":{"rendered":"Akuza e Spiropalit: Presidenti Meta i hodhi benzin\u00eb zjarrit me \u00e7dekretimin e 30 qershorit"},"content":{"rendered":"<p>Ministrja e Shtetit p\u00ebr Marr\u00ebdh\u00ebniet me Parlamentin, Elisa Spiropali, b\u00ebn p\u00ebrgjegj\u00ebs Presidentin Meta p\u00ebr episodet e fundit t\u00eb dhun\u00ebs n\u00eb KZAZ-t\u00eb e vendit.<\/p>\n<p>N\u00eb nj\u00eb reagim n\u00eb twitter, Spiropali shkruan se u b\u00ebn\u00eb dhjet\u00eb dit\u00eb nga \u00e7dekreti antidekret i dekretit t\u00eb Ilir Met\u00ebs dhe t\u00eb gjith\u00eb e shohin, sipas saj, \u00a0se si Ilir Meta i hodhi benzin\u00eb zjarrit q\u00eb pretendon se po mundohet t\u00eb shuaj\u00eb.<\/p>\n<p>P\u00ebr aspak \u00e7udi, vijon Spiropali, akoma se ka th\u00ebn\u00eb asnj\u00eb fjal\u00eb p\u00ebr dhun\u00ebn talebane mbi KZAZ.<\/p>\n<p><em>&#8220;Ndoshta sepse pret m\u00eb shum\u00eb dhun\u00eb&#8221;, aludon Spiropali.<\/em><\/p>\n<p>&nbsp;<\/p>","protected":false},"excerpt":{"rendered":"<p>Ministrja e Shtetit p\u00ebr Marr\u00ebdh\u00ebniet me Parlamentin, Elisa Spiropali, b\u00ebn p\u00ebrgjegj\u00ebs Presidentin Meta p\u00ebr episodet e fundit t\u00eb dhun\u00ebs n\u00eb KZAZ-t\u00eb e vendit. N\u00eb nj\u00eb reagim n\u00eb twitter, Spiropali shkruan se u b\u00ebn\u00eb dhjet\u00eb dit\u00eb nga \u00e7dekreti antidekret i dekretit t\u00eb Ilir Met\u00ebs dhe t\u00eb gjith\u00eb e shohin, sipas saj, \u00a0se si Ilir Meta i [&hellip;]<\/p>\n","protected":false},"author":2013,"featured_media":65808,"comment_status":"open","ping_status":"closed","sticky":false,"template":"","format":"standard","meta":{"footnotes":""},"categories":[241,235],"tags":[],"class_list":{"0":"post-91392","1":"post","2":"type-post","3":"status-publish","4":"format-standard","5":"has-post-thumbnail","7":"category-aktualitet","8":"category-vendi"},"_links":{"self":[{"href":"https:\/\/zjarr.tv\/en\/wp-json\/wp\/v2\/posts\/91392","targetHints":{"allow":["GET"]}}],"collection":[{"href":"https:\/\/zjarr.tv\/en\/wp-json\/wp\/v2\/posts"}],"about":[{"href":"https:\/\/zjarr.tv\/en\/wp-json\/wp\/v2\/types\/post"}],"author":[{"embeddable":true,"href":"https:\/\/zjarr.tv\/en\/wp-json\/wp\/v2\/users\/2013"}],"replies":[{"embeddable":true,"href":"https:\/\/zjarr.tv\/en\/wp-json\/wp\/v2\/comments?post=91392"}],"version-history":[{"count":0,"href":"https:\/\/zjarr.tv\/en\/wp-json\/wp\/v2\/posts\/91392\/revisions"}],"wp:featuredmedia":[{"embeddable":true,"href":"https:\/\/zjarr.tv\/en\/wp-json\/wp\/v2\/media\/65808"}],"wp:attachment":[{"href":"https:\/\/zjarr.tv\/en\/wp-json\/wp\/v2\/media?parent=91392"}],"wp:term":[{"taxonomy":"category","embeddable":true,"href":"https:\/\/zjarr.tv\/en\/wp-json\/wp\/v2\/categories?post=91392"},{"taxonomy":"post_tag","embeddable":true,"href":"https:\/\/zjarr.tv\/en\/wp-json\/wp\/v2\/tags?post=91392"}],"curies":[{"name":"wp","href":"https:\/\/api.w.org\/{rel}","templated":true}]}}