{"id":91425,"date":"2019-06-20T16:18:11","date_gmt":"2019-06-20T14:18:11","guid":{"rendered":"https:\/\/zjarr.tv\/?p=91425"},"modified":"2019-06-20T16:18:11","modified_gmt":"2019-06-20T14:18:11","slug":"policia-blindon-shkodren-rama-zhvillon-takimin-elektoral-bashkia-si-ka-dhene-leje-per-sheshin","status":"publish","type":"post","link":"https:\/\/zjarr.tv\/en\/policia-blindon-shkodren-rama-zhvillon-takimin-elektoral-bashkia-si-ka-dhene-leje-per-sheshin\/","title":{"rendered":"Policia blindon Shkodr\u00ebn, Rama zhvillon takimin elektoral. Bashkia s\u2019i ka dh\u00ebn\u00eb leje p\u00ebr sheshin"},"content":{"rendered":"<p>Edhe pse kryebashkiakja e Shkodr\u00ebs Voltana Ademi nuk i dha leje PS-s\u00eb p\u00ebr zhvillimin e nj\u00eb takimi elektoral sot n\u00eb Shkod\u00ebr me argumentin se k\u00ebt\u00eb t\u00eb enjte nuk ka asnj\u00eb shesh t\u00eb lir\u00eb p\u00ebr shkak t\u00eb aktiviteteve t\u00eb organizuara n\u00eb sezonin turistik, Rama mbetet i vendosur t\u00eb zhvilloj\u00eb mitingun.<\/p>\n<p>Qendra e qytetit \u00ebsht\u00eb rrethuar dhe ka nisur puna p\u00ebr ngritjen e sken\u00ebs ku do t\u00eb mbahet takimi i Ram\u00ebs.<\/p>\n<p>Forca t\u00eb shumta policie ndodhen n\u00eb zon\u00eb. Sakaq Voltana Ademi s\u00eb bashku me n\u00ebnkryetarin e bashkis\u00eb kan\u00eb parakaluar n\u00eb zon\u00eb p\u00ebr t\u00eb par\u00eb nga af\u00ebr situat\u00ebn.<\/p>\n<p>&nbsp;<\/p>","protected":false},"excerpt":{"rendered":"<p>Edhe pse kryebashkiakja e Shkodr\u00ebs Voltana Ademi nuk i dha leje PS-s\u00eb p\u00ebr zhvillimin e nj\u00eb takimi elektoral sot n\u00eb Shkod\u00ebr me argumentin se k\u00ebt\u00eb t\u00eb enjte nuk ka asnj\u00eb shesh t\u00eb lir\u00eb p\u00ebr shkak t\u00eb aktiviteteve t\u00eb organizuara n\u00eb sezonin turistik, Rama mbetet i vendosur t\u00eb zhvilloj\u00eb mitingun. Qendra e qytetit \u00ebsht\u00eb rrethuar dhe [&hellip;]<\/p>\n","protected":false},"author":2013,"featured_media":91426,"comment_status":"open","ping_status":"closed","sticky":false,"template":"","format":"standard","meta":{"footnotes":""},"categories":[241,235],"tags":[],"class_list":{"0":"post-91425","1":"post","2":"type-post","3":"status-publish","4":"format-standard","5":"has-post-thumbnail","7":"category-aktualitet","8":"category-vendi"},"_links":{"self":[{"href":"https:\/\/zjarr.tv\/en\/wp-json\/wp\/v2\/posts\/91425","targetHints":{"allow":["GET"]}}],"collection":[{"href":"https:\/\/zjarr.tv\/en\/wp-json\/wp\/v2\/posts"}],"about":[{"href":"https:\/\/zjarr.tv\/en\/wp-json\/wp\/v2\/types\/post"}],"author":[{"embeddable":true,"href":"https:\/\/zjarr.tv\/en\/wp-json\/wp\/v2\/users\/2013"}],"replies":[{"embeddable":true,"href":"https:\/\/zjarr.tv\/en\/wp-json\/wp\/v2\/comments?post=91425"}],"version-history":[{"count":0,"href":"https:\/\/zjarr.tv\/en\/wp-json\/wp\/v2\/posts\/91425\/revisions"}],"wp:featuredmedia":[{"embeddable":true,"href":"https:\/\/zjarr.tv\/en\/wp-json\/wp\/v2\/media\/91426"}],"wp:attachment":[{"href":"https:\/\/zjarr.tv\/en\/wp-json\/wp\/v2\/media?parent=91425"}],"wp:term":[{"taxonomy":"category","embeddable":true,"href":"https:\/\/zjarr.tv\/en\/wp-json\/wp\/v2\/categories?post=91425"},{"taxonomy":"post_tag","embeddable":true,"href":"https:\/\/zjarr.tv\/en\/wp-json\/wp\/v2\/tags?post=91425"}],"curies":[{"name":"wp","href":"https:\/\/api.w.org\/{rel}","templated":true}]}}