{"id":91439,"date":"2019-06-20T18:40:25","date_gmt":"2019-06-20T16:40:25","guid":{"rendered":"https:\/\/zjarr.tv\/?p=91439"},"modified":"2019-06-20T16:32:59","modified_gmt":"2019-06-20T14:32:59","slug":"berisha-afer-largimit-nga-atalanta-befason-me-klubin-e-ri","status":"publish","type":"post","link":"https:\/\/zjarr.tv\/en\/berisha-afer-largimit-nga-atalanta-befason-me-klubin-e-ri\/","title":{"rendered":"Berisha af\u00ebr largimit nga Atalanta, befason me klubin e ri"},"content":{"rendered":"<p>Portieri Etrit Berisha pritet t\u00eb largohet nga Atalanta gjat\u00eb k\u00ebsaj vere. Reprezentuesi shqiptar e humbi vendin e tij n\u00eb formacionin e klubit italian pas form\u00ebs s\u00eb mir\u00eb t\u00eb Pierluigi Gollinit. Kjo mund t\u00eb b\u00ebj\u00eb q\u00eb ai t\u00eb largohet nga Atalanta, klub n\u00eb t\u00eb cilin \u00ebsht\u00eb pjes\u00eb q\u00eb prej vitit 2016.<\/p>\n<p>\u201cSky Sport Italia\u201d shkruan se Berisha mund t\u00eb transferohet te Spali, skuad\u00ebr e cila po k\u00ebrkon nj\u00eb z\u00ebvend\u00ebsues p\u00ebr Emiliano Vivianon, i cili u rikthye te Sporting Lisbona.<\/p>\n<p>&nbsp;<\/p>","protected":false},"excerpt":{"rendered":"<p>Portieri Etrit Berisha pritet t\u00eb largohet nga Atalanta gjat\u00eb k\u00ebsaj vere. Reprezentuesi shqiptar e humbi vendin e tij n\u00eb formacionin e klubit italian pas form\u00ebs s\u00eb mir\u00eb t\u00eb Pierluigi Gollinit. Kjo mund t\u00eb b\u00ebj\u00eb q\u00eb ai t\u00eb largohet nga Atalanta, klub n\u00eb t\u00eb cilin \u00ebsht\u00eb pjes\u00eb q\u00eb prej vitit 2016. \u201cSky Sport Italia\u201d shkruan se [&hellip;]<\/p>\n","protected":false},"author":2013,"featured_media":91440,"comment_status":"open","ping_status":"closed","sticky":false,"template":"","format":"standard","meta":{"footnotes":""},"categories":[241,192],"tags":[],"class_list":{"0":"post-91439","1":"post","2":"type-post","3":"status-publish","4":"format-standard","5":"has-post-thumbnail","7":"category-aktualitet","8":"category-sport"},"_links":{"self":[{"href":"https:\/\/zjarr.tv\/en\/wp-json\/wp\/v2\/posts\/91439","targetHints":{"allow":["GET"]}}],"collection":[{"href":"https:\/\/zjarr.tv\/en\/wp-json\/wp\/v2\/posts"}],"about":[{"href":"https:\/\/zjarr.tv\/en\/wp-json\/wp\/v2\/types\/post"}],"author":[{"embeddable":true,"href":"https:\/\/zjarr.tv\/en\/wp-json\/wp\/v2\/users\/2013"}],"replies":[{"embeddable":true,"href":"https:\/\/zjarr.tv\/en\/wp-json\/wp\/v2\/comments?post=91439"}],"version-history":[{"count":0,"href":"https:\/\/zjarr.tv\/en\/wp-json\/wp\/v2\/posts\/91439\/revisions"}],"wp:featuredmedia":[{"embeddable":true,"href":"https:\/\/zjarr.tv\/en\/wp-json\/wp\/v2\/media\/91440"}],"wp:attachment":[{"href":"https:\/\/zjarr.tv\/en\/wp-json\/wp\/v2\/media?parent=91439"}],"wp:term":[{"taxonomy":"category","embeddable":true,"href":"https:\/\/zjarr.tv\/en\/wp-json\/wp\/v2\/categories?post=91439"},{"taxonomy":"post_tag","embeddable":true,"href":"https:\/\/zjarr.tv\/en\/wp-json\/wp\/v2\/tags?post=91439"}],"curies":[{"name":"wp","href":"https:\/\/api.w.org\/{rel}","templated":true}]}}