{"id":91450,"date":"2019-06-20T17:00:47","date_gmt":"2019-06-20T15:00:47","guid":{"rendered":"https:\/\/zjarr.tv\/?p=91450"},"modified":"2019-06-20T17:00:47","modified_gmt":"2019-06-20T15:00:47","slug":"kavaje-perplasjet-per-kzaz-te-ne-pranga-gjashte-persona-shpallen-ne-kerkim-31-te-tjere","status":"publish","type":"post","link":"https:\/\/zjarr.tv\/en\/kavaje-perplasjet-per-kzaz-te-ne-pranga-gjashte-persona-shpallen-ne-kerkim-31-te-tjere\/","title":{"rendered":"Kavaj\u00eb\/ P\u00ebrplasjet p\u00ebr KZAZ-t\u00eb, n\u00eb pranga gjasht\u00eb persona, shpallen n\u00eb k\u00ebrkim 31 t\u00eb tjer\u00eb"},"content":{"rendered":"<p>Policia e Kavaj\u00ebs ka v\u00ebn\u00eb n\u00eb pranga 6 persona, nd\u00ebrsa ka proceduar 31 t\u00eb tjer\u00eb, pas p\u00ebrplasjeve me forcat policore n\u00eb Komisionin Zonal t\u00eb Administrimit Zgjedhor gjat\u00eb dit\u00ebs s\u00eb djeshme.<\/p>\n<p>Mes t\u00eb arrestuar\u00ebve jan\u00eb edhe zyrtar\u00eb lokal\u00eb bashkiak\u00eb. B\u00ebhet fjal\u00eb p\u00ebr shtetasit:<\/p>\n<p>-Xh., banues n\u00eb Kavaj\u00eb, i d\u00ebnuar m\u00eb par\u00eb p\u00ebr vepr\u00ebn penale \u201cProdhimi dhe mbajtja pa leje e arm\u00ebve luftarake\u201d.<\/p>\n<p>-E. B., banues n\u00eb Kavaj\u00eb, punonj\u00ebs i Bashkis\u00eb Kavaj\u00eb (shofer).<\/p>\n<p>-D. E., banues n\u00eb Kavaj\u00eb.<\/p>\n<p>-L. D., banues n\u00eb Golem, Kavaj\u00eb.<\/p>\n<p>-F. R., banues n\u00eb Kavaj\u00eb, punonj\u00ebs i Uj\u00ebsjell\u00ebs \u2013 Kanalizime<\/p>\n<p>-D. B., banues n\u00eb Kavaj\u00eb, punonj\u00ebs i Uj\u00ebsjell\u00ebs \u2013 Kanalizime, Kavaj\u00eb<\/p>\n<p>Nd\u00ebrkaq, 25 protestues u shpall\u00ebn n\u00eb k\u00ebrkim policor, 12 prej t\u00eb cil\u00ebve jan\u00eb punonj\u00ebs t\u00eb Bashkis\u00eb s\u00eb Kavaj\u00ebs.<\/p>\n<p>Materialet proceduriale do t\u2019i kalojn\u00eb Prokuroris\u00eb pran\u00eb Gjykat\u00ebs s\u00eb Rrethit Gjyq\u00ebsor Kavaj\u00eb, p\u00ebr ndjekjen e veprimeve t\u00eb m\u00ebtejshme n\u00eb ngarkim t\u00eb shtetasve t\u00eb lartp\u00ebrmendur, p\u00ebr veprat penale \u201cKund\u00ebrshtimi i Punonj\u00ebsit t\u00eb Policis\u00eb s\u00eb Rendit Publik\u201d, \u201cMosbindja ndaj urdhrit t\u00eb Punonj\u00ebsit t\u00eb Policis\u00eb s\u00eb Rendit Publik\u201d, \u201cShkat\u00ebrrimi i pron\u00ebs\u201d, \u201dD\u00ebmtimi me dashje i materialeve zgjedhore, e mbetur n\u00eb tentative\u201d, \u201cOrganizim i paligjsh\u00ebm i tubimeve\u201d dhe \u201cPrishja e qet\u00ebsis\u00eb publike\u201d.<\/p>\n<p>&nbsp;<\/p>","protected":false},"excerpt":{"rendered":"<p>Policia e Kavaj\u00ebs ka v\u00ebn\u00eb n\u00eb pranga 6 persona, nd\u00ebrsa ka proceduar 31 t\u00eb tjer\u00eb, pas p\u00ebrplasjeve me forcat policore n\u00eb Komisionin Zonal t\u00eb Administrimit Zgjedhor gjat\u00eb dit\u00ebs s\u00eb djeshme. Mes t\u00eb arrestuar\u00ebve jan\u00eb edhe zyrtar\u00eb lokal\u00eb bashkiak\u00eb. B\u00ebhet fjal\u00eb p\u00ebr shtetasit: -Xh., banues n\u00eb Kavaj\u00eb, i d\u00ebnuar m\u00eb par\u00eb p\u00ebr vepr\u00ebn penale \u201cProdhimi dhe [&hellip;]<\/p>\n","protected":false},"author":2013,"featured_media":91451,"comment_status":"open","ping_status":"closed","sticky":false,"template":"","format":"standard","meta":{"footnotes":""},"categories":[241,235],"tags":[],"class_list":{"0":"post-91450","1":"post","2":"type-post","3":"status-publish","4":"format-standard","5":"has-post-thumbnail","7":"category-aktualitet","8":"category-vendi"},"_links":{"self":[{"href":"https:\/\/zjarr.tv\/en\/wp-json\/wp\/v2\/posts\/91450","targetHints":{"allow":["GET"]}}],"collection":[{"href":"https:\/\/zjarr.tv\/en\/wp-json\/wp\/v2\/posts"}],"about":[{"href":"https:\/\/zjarr.tv\/en\/wp-json\/wp\/v2\/types\/post"}],"author":[{"embeddable":true,"href":"https:\/\/zjarr.tv\/en\/wp-json\/wp\/v2\/users\/2013"}],"replies":[{"embeddable":true,"href":"https:\/\/zjarr.tv\/en\/wp-json\/wp\/v2\/comments?post=91450"}],"version-history":[{"count":0,"href":"https:\/\/zjarr.tv\/en\/wp-json\/wp\/v2\/posts\/91450\/revisions"}],"wp:featuredmedia":[{"embeddable":true,"href":"https:\/\/zjarr.tv\/en\/wp-json\/wp\/v2\/media\/91451"}],"wp:attachment":[{"href":"https:\/\/zjarr.tv\/en\/wp-json\/wp\/v2\/media?parent=91450"}],"wp:term":[{"taxonomy":"category","embeddable":true,"href":"https:\/\/zjarr.tv\/en\/wp-json\/wp\/v2\/categories?post=91450"},{"taxonomy":"post_tag","embeddable":true,"href":"https:\/\/zjarr.tv\/en\/wp-json\/wp\/v2\/tags?post=91450"}],"curies":[{"name":"wp","href":"https:\/\/api.w.org\/{rel}","templated":true}]}}