{"id":91467,"date":"2019-06-20T17:32:37","date_gmt":"2019-06-20T15:32:37","guid":{"rendered":"https:\/\/zjarr.tv\/?p=91467"},"modified":"2019-06-20T17:32:37","modified_gmt":"2019-06-20T15:32:37","slug":"rama-pritet-me-protesta-ne-shkoder-mbeshtetesit-e-opozites-tentojne-ti-bllokojne-rrugen","status":"publish","type":"post","link":"https:\/\/zjarr.tv\/en\/rama-pritet-me-protesta-ne-shkoder-mbeshtetesit-e-opozites-tentojne-ti-bllokojne-rrugen\/","title":{"rendered":"Rama pritet me protesta n\u00eb Shkod\u00ebr, mb\u00ebshtet\u00ebsit e opozit\u00ebs tentojn\u00eb t\u2019i bllokojn\u00eb rrug\u00ebn"},"content":{"rendered":"<p>P\u00ebrfaq\u00ebsues t\u00eb opozit\u00ebs kan\u00eb nisur protest\u00ebn p\u00ebr t\u00eb bllokuar rrug\u00ebn e Kryeministrit Rama, i cili ka programuar q\u00eb t\u00eb zhvilloj\u00eb n\u00eb Shkod\u00ebr nj\u00eb aktivitet elektoral. Militant\u00ebt e opozit\u00ebs kan\u00eb nisur t\u00eb bllokojn\u00eb rrug\u00ebn q\u00eb \u00e7on p\u00ebr Shkod\u00ebr. Ata jan\u00eb mbledhur n\u00eb kryq\u00ebzimin e Daj\u00e7it n\u00eb rrug\u00ebn Lezh\u00eb-Shkod\u00ebr, ku kan\u00eb b\u00ebr\u00eb thirrje p\u00ebr largimin e kryeministrit Rama. N\u00eb vendngjarje ndodhen forca t\u00eb shumta policia, t\u00eb cil\u00ebt kan\u00eb tentuar t\u00eb mbajn\u00eb larg militantet dhe t\u00eb lirojn\u00eb rrug\u00ebn kur t\u00eb kaloj\u00eb eskorta e kreut t\u00eb qeveris\u00eb.<\/p>\n<p>&nbsp;<\/p>\n<p>&nbsp;<\/p>","protected":false},"excerpt":{"rendered":"<p>P\u00ebrfaq\u00ebsues t\u00eb opozit\u00ebs kan\u00eb nisur protest\u00ebn p\u00ebr t\u00eb bllokuar rrug\u00ebn e Kryeministrit Rama, i cili ka programuar q\u00eb t\u00eb zhvilloj\u00eb n\u00eb Shkod\u00ebr nj\u00eb aktivitet elektoral. Militant\u00ebt e opozit\u00ebs kan\u00eb nisur t\u00eb bllokojn\u00eb rrug\u00ebn q\u00eb \u00e7on p\u00ebr Shkod\u00ebr. Ata jan\u00eb mbledhur n\u00eb kryq\u00ebzimin e Daj\u00e7it n\u00eb rrug\u00ebn Lezh\u00eb-Shkod\u00ebr, ku kan\u00eb b\u00ebr\u00eb thirrje p\u00ebr largimin e kryeministrit [&hellip;]<\/p>\n","protected":false},"author":2013,"featured_media":91468,"comment_status":"open","ping_status":"closed","sticky":false,"template":"","format":"standard","meta":{"footnotes":""},"categories":[241,235],"tags":[],"class_list":{"0":"post-91467","1":"post","2":"type-post","3":"status-publish","4":"format-standard","5":"has-post-thumbnail","7":"category-aktualitet","8":"category-vendi"},"_links":{"self":[{"href":"https:\/\/zjarr.tv\/en\/wp-json\/wp\/v2\/posts\/91467","targetHints":{"allow":["GET"]}}],"collection":[{"href":"https:\/\/zjarr.tv\/en\/wp-json\/wp\/v2\/posts"}],"about":[{"href":"https:\/\/zjarr.tv\/en\/wp-json\/wp\/v2\/types\/post"}],"author":[{"embeddable":true,"href":"https:\/\/zjarr.tv\/en\/wp-json\/wp\/v2\/users\/2013"}],"replies":[{"embeddable":true,"href":"https:\/\/zjarr.tv\/en\/wp-json\/wp\/v2\/comments?post=91467"}],"version-history":[{"count":0,"href":"https:\/\/zjarr.tv\/en\/wp-json\/wp\/v2\/posts\/91467\/revisions"}],"wp:featuredmedia":[{"embeddable":true,"href":"https:\/\/zjarr.tv\/en\/wp-json\/wp\/v2\/media\/91468"}],"wp:attachment":[{"href":"https:\/\/zjarr.tv\/en\/wp-json\/wp\/v2\/media?parent=91467"}],"wp:term":[{"taxonomy":"category","embeddable":true,"href":"https:\/\/zjarr.tv\/en\/wp-json\/wp\/v2\/categories?post=91467"},{"taxonomy":"post_tag","embeddable":true,"href":"https:\/\/zjarr.tv\/en\/wp-json\/wp\/v2\/tags?post=91467"}],"curies":[{"name":"wp","href":"https:\/\/api.w.org\/{rel}","templated":true}]}}