{"id":91472,"date":"2019-06-20T17:38:38","date_gmt":"2019-06-20T15:38:38","guid":{"rendered":"https:\/\/zjarr.tv\/?p=91472"},"modified":"2019-06-20T17:38:38","modified_gmt":"2019-06-20T15:38:38","slug":"rama-shkon-me-ushtri-ne-shkoder","status":"publish","type":"post","link":"https:\/\/zjarr.tv\/en\/rama-shkon-me-ushtri-ne-shkoder\/","title":{"rendered":"Rama shkon me ushtri n\u00eb Shkod\u00ebr"},"content":{"rendered":"<p>Nd\u00ebrsa kryeministri Edi Rama \u00ebsht\u00eb nisur sot drejt Shkodr\u00ebs p\u00ebr miting elektoral, nj\u00eb num\u00ebr i madh polic\u00ebsh dhe forcash speciale kan\u00eb zbarkuar n\u00eb qytetin m\u00eb t\u00eb madh n\u00eb veri t\u00eb vendit.<\/p>\n<p>Si\u00e7 shihet edhe n\u00eb videon e m\u00ebposhtme, Shkodra sot i ngjan nj\u00eb shtet\u00ebrrethimi.<\/p>\n<p>Forca t\u00eb FNSH, Renea dhe forca policore nga i gjith\u00eb vendi kan\u00eb rrethuar Shkodr\u00ebn n\u00eb mbrojtje t\u00eb kryeministrit.<\/p>\n<p>&nbsp;<\/p>","protected":false},"excerpt":{"rendered":"<p>Nd\u00ebrsa kryeministri Edi Rama \u00ebsht\u00eb nisur sot drejt Shkodr\u00ebs p\u00ebr miting elektoral, nj\u00eb num\u00ebr i madh polic\u00ebsh dhe forcash speciale kan\u00eb zbarkuar n\u00eb qytetin m\u00eb t\u00eb madh n\u00eb veri t\u00eb vendit. Si\u00e7 shihet edhe n\u00eb videon e m\u00ebposhtme, Shkodra sot i ngjan nj\u00eb shtet\u00ebrrethimi. Forca t\u00eb FNSH, Renea dhe forca policore nga i gjith\u00eb vendi [&hellip;]<\/p>\n","protected":false},"author":2013,"featured_media":91475,"comment_status":"open","ping_status":"closed","sticky":false,"template":"","format":"standard","meta":{"footnotes":""},"categories":[241,235],"tags":[],"class_list":{"0":"post-91472","1":"post","2":"type-post","3":"status-publish","4":"format-standard","5":"has-post-thumbnail","7":"category-aktualitet","8":"category-vendi"},"_links":{"self":[{"href":"https:\/\/zjarr.tv\/en\/wp-json\/wp\/v2\/posts\/91472","targetHints":{"allow":["GET"]}}],"collection":[{"href":"https:\/\/zjarr.tv\/en\/wp-json\/wp\/v2\/posts"}],"about":[{"href":"https:\/\/zjarr.tv\/en\/wp-json\/wp\/v2\/types\/post"}],"author":[{"embeddable":true,"href":"https:\/\/zjarr.tv\/en\/wp-json\/wp\/v2\/users\/2013"}],"replies":[{"embeddable":true,"href":"https:\/\/zjarr.tv\/en\/wp-json\/wp\/v2\/comments?post=91472"}],"version-history":[{"count":0,"href":"https:\/\/zjarr.tv\/en\/wp-json\/wp\/v2\/posts\/91472\/revisions"}],"wp:featuredmedia":[{"embeddable":true,"href":"https:\/\/zjarr.tv\/en\/wp-json\/wp\/v2\/media\/91475"}],"wp:attachment":[{"href":"https:\/\/zjarr.tv\/en\/wp-json\/wp\/v2\/media?parent=91472"}],"wp:term":[{"taxonomy":"category","embeddable":true,"href":"https:\/\/zjarr.tv\/en\/wp-json\/wp\/v2\/categories?post=91472"},{"taxonomy":"post_tag","embeddable":true,"href":"https:\/\/zjarr.tv\/en\/wp-json\/wp\/v2\/tags?post=91472"}],"curies":[{"name":"wp","href":"https:\/\/api.w.org\/{rel}","templated":true}]}}