{"id":91480,"date":"2019-06-20T17:43:15","date_gmt":"2019-06-20T15:43:15","guid":{"rendered":"https:\/\/zjarr.tv\/?p=91480"},"modified":"2019-06-20T17:43:15","modified_gmt":"2019-06-20T15:43:15","slug":"arta-marku-pret-perfaqesues-te-prokurorise-gjermane","status":"publish","type":"post","link":"https:\/\/zjarr.tv\/en\/arta-marku-pret-perfaqesues-te-prokurorise-gjermane\/","title":{"rendered":"Arta Marku pret p\u00ebrfaq\u00ebsues t\u00eb Prokuroris\u00eb Gjermane"},"content":{"rendered":"<p>Prokurorja e\u00a0 P\u00ebrgjithshme Znj. Arta Marku \u00a0priti sot n\u00eb nj\u00eb takim n\u00eb ambientet e Prokuroris\u00eb s\u00eb\u00a0 P\u00ebrgjithshme\u00a0 p\u00ebrfaq\u00ebsues t\u00eb Prokuroris\u00eb\u00a0 Gjermane\u00a0 p\u00ebrfaq\u00ebsuar nga\u00a0 Prokurori i\u00a0 P\u00ebrgjithsh\u00ebm i Munihut Gjermani, Mr. Reinhard R\u00f6ttle, Drejtuesi\u00a0 i Prokuroris\u00eb s\u00eb Mynihut\u00a0 Mr. Georg Freutsmiedl, Drejtuesi i\u00a0 Prokuroris\u00eb\u00a0 s\u00eb\u00a0 Landshut Mr. Alfons Obermeier si dhe\u00a0 drejtues t\u00eb tjer\u00eb\u00a0 t\u00eb k\u00ebtyre prokurorive.<\/p>\n<p>Q\u00ebllimi i takimit ishte nd\u00ebrtimi i nj\u00eb marrdh\u00ebnie pune m\u00eb t\u00eb mir\u00eb mes institucioneve, dhe forcimi i bashk\u00ebpunimit juridik nd\u00ebrkomb\u00ebtar n\u00eb \u00e7\u00ebshtjet e drejt\u00ebsis\u00eb kriminale. \u00c7\u00ebshtjet p\u00ebr diskutim u p\u00ebrq\u00ebndruan n\u00eb hetimet lidhur me krimin e organizuar dhe trafikun e drog\u00ebs.<\/p>\n<p>&nbsp;<\/p>","protected":false},"excerpt":{"rendered":"<p>Prokurorja e\u00a0 P\u00ebrgjithshme Znj. Arta Marku \u00a0priti sot n\u00eb nj\u00eb takim n\u00eb ambientet e Prokuroris\u00eb s\u00eb\u00a0 P\u00ebrgjithshme\u00a0 p\u00ebrfaq\u00ebsues t\u00eb Prokuroris\u00eb\u00a0 Gjermane\u00a0 p\u00ebrfaq\u00ebsuar nga\u00a0 Prokurori i\u00a0 P\u00ebrgjithsh\u00ebm i Munihut Gjermani, Mr. Reinhard R\u00f6ttle, Drejtuesi\u00a0 i Prokuroris\u00eb s\u00eb Mynihut\u00a0 Mr. Georg Freutsmiedl, Drejtuesi i\u00a0 Prokuroris\u00eb\u00a0 s\u00eb\u00a0 Landshut Mr. Alfons Obermeier si dhe\u00a0 drejtues t\u00eb tjer\u00eb\u00a0 t\u00eb k\u00ebtyre [&hellip;]<\/p>\n","protected":false},"author":2013,"featured_media":91481,"comment_status":"open","ping_status":"closed","sticky":false,"template":"","format":"standard","meta":{"footnotes":""},"categories":[241,235],"tags":[],"class_list":{"0":"post-91480","1":"post","2":"type-post","3":"status-publish","4":"format-standard","5":"has-post-thumbnail","7":"category-aktualitet","8":"category-vendi"},"_links":{"self":[{"href":"https:\/\/zjarr.tv\/en\/wp-json\/wp\/v2\/posts\/91480","targetHints":{"allow":["GET"]}}],"collection":[{"href":"https:\/\/zjarr.tv\/en\/wp-json\/wp\/v2\/posts"}],"about":[{"href":"https:\/\/zjarr.tv\/en\/wp-json\/wp\/v2\/types\/post"}],"author":[{"embeddable":true,"href":"https:\/\/zjarr.tv\/en\/wp-json\/wp\/v2\/users\/2013"}],"replies":[{"embeddable":true,"href":"https:\/\/zjarr.tv\/en\/wp-json\/wp\/v2\/comments?post=91480"}],"version-history":[{"count":0,"href":"https:\/\/zjarr.tv\/en\/wp-json\/wp\/v2\/posts\/91480\/revisions"}],"wp:featuredmedia":[{"embeddable":true,"href":"https:\/\/zjarr.tv\/en\/wp-json\/wp\/v2\/media\/91481"}],"wp:attachment":[{"href":"https:\/\/zjarr.tv\/en\/wp-json\/wp\/v2\/media?parent=91480"}],"wp:term":[{"taxonomy":"category","embeddable":true,"href":"https:\/\/zjarr.tv\/en\/wp-json\/wp\/v2\/categories?post=91480"},{"taxonomy":"post_tag","embeddable":true,"href":"https:\/\/zjarr.tv\/en\/wp-json\/wp\/v2\/tags?post=91480"}],"curies":[{"name":"wp","href":"https:\/\/api.w.org\/{rel}","templated":true}]}}