{"id":91483,"date":"2019-06-20T17:44:43","date_gmt":"2019-06-20T15:44:43","guid":{"rendered":"https:\/\/zjarr.tv\/?p=91483"},"modified":"2019-06-20T17:44:43","modified_gmt":"2019-06-20T15:44:43","slug":"pdrama-i-frikesuarkontroll-femijeve-ne-vendin-ku-do-mbaje-takim","status":"publish","type":"post","link":"https:\/\/zjarr.tv\/en\/pdrama-i-frikesuarkontroll-femijeve-ne-vendin-ku-do-mbaje-takim\/","title":{"rendered":"PD:Rama i frik\u00ebsuar,kontroll f\u00ebmij\u00ebve n\u00eb vendin ku do mbaj\u00eb takim"},"content":{"rendered":"<p>Partia Demokratike ka shp\u00ebrndar\u00eb nj\u00eb video, ku paraqiten polic\u00eb n\u00eb Shkod\u00ebr duke kontrolluar persona t\u00eb ndrysh\u00ebm.<\/p>\n<p>N\u00eb mesin e personave q\u00eb kontrollohen ka edhe f\u00ebmij\u00eb. PD\u00a0 shprehet se Rama \u00ebsht\u00eb i frik\u00ebsuar, prandaj urdh\u00ebron policin\u00eb q\u00eb t\u00eb b\u00ebhet kontroll edhe ndaj f\u00ebmij\u00ebve, n\u00eb vendin ku ai do t\u00eb mbaj\u00eb takim.<\/p>\n<p>\u201cEdi Rama i frik\u00ebsuar. Kontrollohen edhe f\u00ebmij\u00ebt q\u00eb kalojn\u00eb pran\u00eb vendit ku do t\u00eb b\u00ebhet takimi\u201d, thuhet n\u00eb reagimin e selis\u00eb blu.<\/p>\n<p>&nbsp;<\/p>\n<p>&nbsp;<\/p>","protected":false},"excerpt":{"rendered":"<p>Partia Demokratike ka shp\u00ebrndar\u00eb nj\u00eb video, ku paraqiten polic\u00eb n\u00eb Shkod\u00ebr duke kontrolluar persona t\u00eb ndrysh\u00ebm. N\u00eb mesin e personave q\u00eb kontrollohen ka edhe f\u00ebmij\u00eb. PD\u00a0 shprehet se Rama \u00ebsht\u00eb i frik\u00ebsuar, prandaj urdh\u00ebron policin\u00eb q\u00eb t\u00eb b\u00ebhet kontroll edhe ndaj f\u00ebmij\u00ebve, n\u00eb vendin ku ai do t\u00eb mbaj\u00eb takim. \u201cEdi Rama i frik\u00ebsuar. Kontrollohen [&hellip;]<\/p>\n","protected":false},"author":2013,"featured_media":90568,"comment_status":"open","ping_status":"closed","sticky":false,"template":"","format":"standard","meta":{"footnotes":""},"categories":[241,235],"tags":[],"class_list":{"0":"post-91483","1":"post","2":"type-post","3":"status-publish","4":"format-standard","5":"has-post-thumbnail","7":"category-aktualitet","8":"category-vendi"},"_links":{"self":[{"href":"https:\/\/zjarr.tv\/en\/wp-json\/wp\/v2\/posts\/91483","targetHints":{"allow":["GET"]}}],"collection":[{"href":"https:\/\/zjarr.tv\/en\/wp-json\/wp\/v2\/posts"}],"about":[{"href":"https:\/\/zjarr.tv\/en\/wp-json\/wp\/v2\/types\/post"}],"author":[{"embeddable":true,"href":"https:\/\/zjarr.tv\/en\/wp-json\/wp\/v2\/users\/2013"}],"replies":[{"embeddable":true,"href":"https:\/\/zjarr.tv\/en\/wp-json\/wp\/v2\/comments?post=91483"}],"version-history":[{"count":0,"href":"https:\/\/zjarr.tv\/en\/wp-json\/wp\/v2\/posts\/91483\/revisions"}],"wp:featuredmedia":[{"embeddable":true,"href":"https:\/\/zjarr.tv\/en\/wp-json\/wp\/v2\/media\/90568"}],"wp:attachment":[{"href":"https:\/\/zjarr.tv\/en\/wp-json\/wp\/v2\/media?parent=91483"}],"wp:term":[{"taxonomy":"category","embeddable":true,"href":"https:\/\/zjarr.tv\/en\/wp-json\/wp\/v2\/categories?post=91483"},{"taxonomy":"post_tag","embeddable":true,"href":"https:\/\/zjarr.tv\/en\/wp-json\/wp\/v2\/tags?post=91483"}],"curies":[{"name":"wp","href":"https:\/\/api.w.org\/{rel}","templated":true}]}}