{"id":91780,"date":"2019-06-22T15:15:35","date_gmt":"2019-06-22T13:15:35","guid":{"rendered":"https:\/\/zjarr.tv\/?p=91780"},"modified":"2019-06-22T15:15:35","modified_gmt":"2019-06-22T13:15:35","slug":"martin-henze-rama-ofendoi-edhe-nderkombetaret-me-pergjimet-e-blerjes-se-votave","status":"publish","type":"post","link":"https:\/\/zjarr.tv\/en\/martin-henze-rama-ofendoi-edhe-nderkombetaret-me-pergjimet-e-blerjes-se-votave\/","title":{"rendered":"Martin Henze: Rama ofendoi edhe nd\u00ebrkomb\u00ebtar\u00ebt me p\u00ebrgjimet e blerjes s\u00eb votave"},"content":{"rendered":"<p>K\u00ebshilltari ekonomik i CDU-s\u00eb gjermane, shpjegon arsyet se pse Bashkimi Evropian i shtyu negociatat me Shqip\u00ebrin\u00eb. Qeveria Rama p\u00ebrgjegj\u00ebse p\u00ebr kriz\u00ebn ekonomiko-politike q\u00eb nga viti 2013<\/p>\n<p>Protesta e djeshme e opozit\u00ebs ishte n\u00eb vazhd\u00ebn e protestave dhe reagimeve q\u00eb opozita shqiptare ka nd\u00ebrmarr\u00eb. Gjermania \u00ebsht\u00eb renditur te vendet skeptike t\u00eb Bashkimit Evropian n\u00eb raport me Shqip\u00ebrin\u00eb. Nj\u00eb nga problemet m\u00eb t\u00eb m\u00ebdha jan\u00eb zgjedhjet n\u00eb vend dhe raporti i tyre me vot\u00ebn e lir\u00eb.<\/p>\n<p>Martin Henze, k\u00ebshilltari p\u00ebr \u00e7\u00ebshtjet ekonomike tek CDU-ja gjermane, n\u00eb intervist\u00ebn e dh\u00ebn\u00eb p\u00ebr gazet\u00ebn \u201cShekulli\u201d, thekson se, Shqip\u00ebria ndodhet n\u00eb nj\u00eb situat\u00eb shum\u00eb t\u00eb rrezikshme dhe katastrofike. Pjes\u00eb e k\u00ebtij problemi \u00ebsht\u00eb blerja e vot\u00ebs dhe mos zbatimi i duhur i kritereve t\u00eb Kopenhagenit.<\/p>\n<p><strong>Shqip\u00ebria ka marr\u00eb nj\u00eb p\u00ebrgjigje negative nga K\u00ebshilli i BE. Negociatat shtyhen n\u00eb tetor. Si e shihni k\u00ebt\u00eb situat\u00eb?\u00a0\u00a0\u00a0\u00a0<\/strong><\/p>\n<p>Vendimi p\u00ebr fillimin e bisedimeve me Maqedonin\u00eb Veriore \u00ebsht\u00eb shtyr\u00eb deri n\u00eb tetor. Hapja e bisedimeve me Shqip\u00ebrin\u00eb \u00ebsht\u00eb e mundshme. Kjo \u00ebsht\u00eb shum\u00eb e kuptueshme. Qeveria Rama, e cila \u00ebsht\u00eb ende n\u00eb pushtet, n\u00eb asnj\u00eb m\u00ebnyr\u00eb nuk i ka plot\u00ebsuar kushtet e Deklarat\u00ebs s\u00eb Kopenhagenit dhe kushteve t\u00eb vendosura nga ministrat e jasht\u00ebm t\u00eb BE-s\u00eb n\u00eb maj 2018. Ata duhet t\u00eb pranojn\u00eb qart\u00eb se qeveria Rama ka v\u00ebn\u00eb gjyq\u00ebsorin n\u00eb vitin 2018 si nj\u00eb shtojc\u00eb jofunksionale dhe k\u00ebshtu edhe parlamenti \u00ebsht\u00eb jasht\u00eb rendit. Krimi e korrupsioni jan\u00eb rritur dhe tani del se zgjedhjet parlamentare n\u00eb vitin 2017 u manipuluan masivisht nga partia n\u00eb pushtet. Protokollet e p\u00ebrgjimit zyrtarisht jan\u00eb nj\u00eb fyerje p\u00ebr popullin shqiptar dhe bashk\u00ebsin\u00eb nd\u00ebrkomb\u00ebtare. Z. Rama nuk ka b\u00ebr\u00eb detyrat e sht\u00ebpis\u00eb, nj\u00eb marr\u00ebveshje shum\u00eb t\u00eb keqe kjo e qeveris\u00eb, p\u00ebr popullin shqiptar.<\/p>\n<p><strong>Nj\u00eb \u00e7\u00ebshtje tjet\u00ebr \u00ebsht\u00eb shqet\u00ebsimi i BE-s\u00eb p\u00ebr liberalizimin e vizave. A mendoni se Shqip\u00ebria \u00ebsht\u00eb n\u00eb nj\u00eb situat\u00eb t\u00eb rrezikshme p\u00ebr k\u00ebt\u00eb problem?\u00a0\u00a0<\/strong><\/p>\n<p>Shqip\u00ebria \u00ebsht\u00eb n\u00eb nj\u00eb situat\u00eb jasht\u00ebzakonisht delikate. N\u00ebse nuk ka ndryshime t\u00eb menj\u00ebhershme politike n\u00eb Shqip\u00ebri, zbatimin e kritereve t\u00eb Kopenhagenit, p\u00ebrmbushjen e k\u00ebrkesave t\u00eb Ministrave t\u00eb Jasht\u00ebm t\u00eb BE-s\u00eb, rivendosjen e shtetit demokratik kushtetues, minimizimin e korrupsionit dhe respektin p\u00ebr opozit\u00ebn e zgjedhur dhe dekretet kushtetuese dhe korrekte t\u00eb Presidentit e Republik\u00ebs, t\u00eb drejtat e njeriut do t\u00eb jen\u00eb shum\u00eb problematike. Qeveria e tyre p\u00ebrshkruhet nga mediat nd\u00ebrkomb\u00ebtare si nj\u00eb \u201cqeveri mafioze\u201d dhe kjo dokumentohet me kaseta t\u00eb verifikueshme t\u00eb sh\u00ebrbimeve t\u00eb inteligjenc\u00ebs. K\u00ebto jan\u00eb probleme masive p\u00ebr Shqip\u00ebrin\u00eb dhe jo p\u00ebr BE-n\u00eb. BE-ja p\u00ebrb\u00ebhet nga 28 shtete an\u00ebtare dhe an\u00ebtar\u00ebsimi nuk do t\u00eb jet\u00eb falas. Manipulimi i zgjedhjeve parlamentare n\u00eb vitin 2017, q\u00eb ndodhi, po paraqet gjithnj\u00eb e m\u00eb shum\u00eb problem. Nj\u00eb proces i till\u00eb sigurisht q\u00eb mund t\u00eb korrigjohet vet\u00ebm me zgjedhje demokratike, t\u00eb lira dhe komb\u00ebtare.<\/p>\n<p><strong>Po n\u00eb lidhje me q\u00ebndrimin e elit\u00ebs politike shqiptare ndaj BE-s\u00eb? Kryeministri Edi Rama po p\u00ebrpiqet t\u00eb thot\u00eb se BE \u00ebsht\u00eb prekur nga populist\u00ebt ekstremiste. Por partit\u00eb e tjera k\u00ebtu n\u00eb Shqip\u00ebri po thon\u00eb se gabimi kryesor \u00ebsht\u00eb qeveria. A jeni dakord me k\u00ebt\u00eb konkluzion?<\/strong><\/p>\n<p>An\u00ebtar\u00ebt e Bashkimit Evropian jan\u00eb shtete t\u00eb civilizuara. K\u00ebrkesa t\u00eb qarta jan\u00eb b\u00ebr\u00eb nga Bashkimi Evropian dhe an\u00ebtar\u00ebt e saj. Situata n\u00eb Shqip\u00ebri \u00ebsht\u00eb b\u00ebr\u00eb katastrofike q\u00eb nga viti 2013, si ekonomikisht ashtu edhe politikisht. P\u00ebrgjegj\u00ebsia politike p\u00ebr k\u00ebt\u00eb fatkeq\u00ebsi dhe d\u00ebshtimi p\u00ebr t\u00eb filluar bisedimet q\u00ebndrojn\u00eb t\u00ebr\u00ebsisht mbi qeverin\u00eb e Rama dhe personat e p\u00ebrfshir\u00eb n\u00eb parti, si krye bashkiaku i Tiran\u00ebs.<\/p>\n<p><strong>Cilat jan\u00eb shqet\u00ebsimet kryesore t\u00eb Shqip\u00ebris\u00eb sot?\u00a0\u00a0<\/strong><\/p>\n<p>Pyetja duhet t\u00eb marr\u00eb p\u00ebrgjigje nga shqiptar\u00ebt. Sigurisht q\u00eb ata tani jan\u00eb duke u p\u00ebrballur me nj\u00eb nd\u00ebrthurje trafiku shum\u00eb vendimtare si nj\u00eb komb. N\u00ebse vazhdojn\u00eb si m\u00eb par\u00eb, nuk shoh nj\u00eb t\u00eb ardhme ekonomike dhe politike. N\u00ebse p\u00ebrpiqen t\u00eb organizojn\u00eb nj\u00eb ndryshim thelb\u00ebsor ekonomik dhe politik, si\u00e7 e kam p\u00ebrshkruar at\u00eb, si nj\u00eb komb, nj\u00eb tregim n\u00eb nj\u00eb demokraci, at\u00ebher\u00eb ata do t\u00eb ken\u00eb nj\u00eb t\u00eb ardhme t\u00eb begat\u00eb. Shqip\u00ebria, sipas mendimit tim, ka burime t\u00eb mjaftueshme dhe njer\u00ebz mjaft t\u00eb talentuar dhe t\u00eb p\u00ebrkushtuar.<\/p>\n<p>&nbsp;<\/p>","protected":false},"excerpt":{"rendered":"<p>K\u00ebshilltari ekonomik i CDU-s\u00eb gjermane, shpjegon arsyet se pse Bashkimi Evropian i shtyu negociatat me Shqip\u00ebrin\u00eb. Qeveria Rama p\u00ebrgjegj\u00ebse p\u00ebr kriz\u00ebn ekonomiko-politike q\u00eb nga viti 2013 Protesta e djeshme e opozit\u00ebs ishte n\u00eb vazhd\u00ebn e protestave dhe reagimeve q\u00eb opozita shqiptare ka nd\u00ebrmarr\u00eb. Gjermania \u00ebsht\u00eb renditur te vendet skeptike t\u00eb Bashkimit Evropian n\u00eb raport me [&hellip;]<\/p>\n","protected":false},"author":2013,"featured_media":85658,"comment_status":"open","ping_status":"closed","sticky":false,"template":"","format":"standard","meta":{"footnotes":""},"categories":[241,235],"tags":[],"class_list":{"0":"post-91780","1":"post","2":"type-post","3":"status-publish","4":"format-standard","5":"has-post-thumbnail","7":"category-aktualitet","8":"category-vendi"},"_links":{"self":[{"href":"https:\/\/zjarr.tv\/en\/wp-json\/wp\/v2\/posts\/91780","targetHints":{"allow":["GET"]}}],"collection":[{"href":"https:\/\/zjarr.tv\/en\/wp-json\/wp\/v2\/posts"}],"about":[{"href":"https:\/\/zjarr.tv\/en\/wp-json\/wp\/v2\/types\/post"}],"author":[{"embeddable":true,"href":"https:\/\/zjarr.tv\/en\/wp-json\/wp\/v2\/users\/2013"}],"replies":[{"embeddable":true,"href":"https:\/\/zjarr.tv\/en\/wp-json\/wp\/v2\/comments?post=91780"}],"version-history":[{"count":0,"href":"https:\/\/zjarr.tv\/en\/wp-json\/wp\/v2\/posts\/91780\/revisions"}],"wp:featuredmedia":[{"embeddable":true,"href":"https:\/\/zjarr.tv\/en\/wp-json\/wp\/v2\/media\/85658"}],"wp:attachment":[{"href":"https:\/\/zjarr.tv\/en\/wp-json\/wp\/v2\/media?parent=91780"}],"wp:term":[{"taxonomy":"category","embeddable":true,"href":"https:\/\/zjarr.tv\/en\/wp-json\/wp\/v2\/categories?post=91780"},{"taxonomy":"post_tag","embeddable":true,"href":"https:\/\/zjarr.tv\/en\/wp-json\/wp\/v2\/tags?post=91780"}],"curies":[{"name":"wp","href":"https:\/\/api.w.org\/{rel}","templated":true}]}}