{"id":91783,"date":"2019-06-22T15:52:32","date_gmt":"2019-06-22T13:52:32","guid":{"rendered":"https:\/\/zjarr.tv\/?p=91783"},"modified":"2019-06-22T15:52:32","modified_gmt":"2019-06-22T13:52:32","slug":"ditet-e-shkolles-shqipe-tryeze-diskutimi-ne-zvicer","status":"publish","type":"post","link":"https:\/\/zjarr.tv\/en\/ditet-e-shkolles-shqipe-tryeze-diskutimi-ne-zvicer\/","title":{"rendered":"\u201cDit\u00ebt e Shkoll\u00ebs Shqipe\u201d, tryez\u00eb diskutimi n\u00eb Zvic\u00ebr"},"content":{"rendered":"<p>Ambasadori i Republik\u00ebs s\u00eb Shqip\u00ebris\u00eb n\u00eb Zvic\u00ebr, Ilir Gjoni mori pjes\u00eb n\u00eb aktivitetin \u201cDit\u00ebt e Shkoll\u00ebs Shqipe\u201d, organizuar me nism\u00ebn e kryetar\u00ebve t\u00eb Lidhjes s\u00eb Arsimtar\u00ebve dhe Prind\u00ebrve Shqiptar\u00eb (LAPSH) t\u00eb kantonit t\u00eb Argaut dhe atij t\u00eb St. Gallen, respektivisht Riza Dema e Vaxhid Sejdiu.<br \/>\nSeria e aktiviteteve nisi dje me tryez\u00ebn kushtuar organizimit t\u00eb shkoll\u00ebs shqipe me tem\u00eb \u201cSi ta b\u00ebjm\u00eb shkoll\u00ebn shqipe m\u00eb mir\u00eb\u201d.<br \/>\nT\u00eb pranishmit n\u00eb k\u00ebt\u00eb aktivitet evidentuan problematikat, ofruan mendime e sugjerime si t\u00eb p\u00ebrmir\u00ebsohet situata e m\u00ebsimdh\u00ebnies s\u00eb gjuh\u00ebs shqipe, n\u00ebnvizuan nevoj\u00ebn e masivizimit t\u00eb pjes\u00ebmarrjes dhe nd\u00ebrgjegj\u00ebsimit p\u00ebr domosdoshm\u00ebrin\u00eb e nxitjes s\u00eb f\u00ebmij\u00ebve e prind\u00ebrve p\u00ebr nevoj\u00ebn e arsimimit n\u00eb gjuh\u00ebn e kultur\u00ebn shqipe, si dhe u b\u00ebn\u00eb apel institucioneve shtet\u00ebrore t\u00eb jen\u00eb me konkret\u00eb e t\u00eb pranish\u00ebm n\u00eb mb\u00ebshtetje t\u00eb procesit t\u00eb m\u00ebsimit t\u00eb gjuh\u00ebs shqipe.<br \/>\nKonkluzionet dhe sugjerimet e k\u00ebsaj tryeze do t\u2019i p\u00ebrcillen Konferenc\u00ebs s\u00eb 15-t\u00eb t\u00eb Arsimit n\u00eb Diaspor\u00eb q\u00eb do t\u00eb zhvillohet n\u00eb Kosov\u00eb n\u00eb 1-3 gusht 2019 n\u00eb bashk\u00ebpunim mes dy ministrive t\u00eb Arsimit t\u00eb Shqip\u00ebris\u00eb e Kosov\u00ebs dhe m\u00ebsimdh\u00ebn\u00ebsve nga diaspora.<br \/>\nN\u00eb k\u00ebt\u00eb aktivitet, i cili u zhvillua n\u00eb Spreitenbach, ishin t\u00eb ftuar edhe prof. dr. Zymet Neziri, prof. dr. Teki Kurti, prof. dr. Frash\u00ebr Demaj.<\/p>","protected":false},"excerpt":{"rendered":"<p>Ambasadori i Republik\u00ebs s\u00eb Shqip\u00ebris\u00eb n\u00eb Zvic\u00ebr, Ilir Gjoni mori pjes\u00eb n\u00eb aktivitetin \u201cDit\u00ebt e Shkoll\u00ebs Shqipe\u201d, organizuar me nism\u00ebn e kryetar\u00ebve t\u00eb Lidhjes s\u00eb Arsimtar\u00ebve dhe Prind\u00ebrve Shqiptar\u00eb (LAPSH) t\u00eb kantonit t\u00eb Argaut dhe atij t\u00eb St. Gallen, respektivisht Riza Dema e Vaxhid Sejdiu. Seria e aktiviteteve nisi dje me tryez\u00ebn kushtuar organizimit t\u00eb [&hellip;]<\/p>\n","protected":false},"author":2013,"featured_media":91791,"comment_status":"open","ping_status":"closed","sticky":false,"template":"","format":"standard","meta":{"footnotes":""},"categories":[241,235],"tags":[],"class_list":{"0":"post-91783","1":"post","2":"type-post","3":"status-publish","4":"format-standard","5":"has-post-thumbnail","7":"category-aktualitet","8":"category-vendi"},"_links":{"self":[{"href":"https:\/\/zjarr.tv\/en\/wp-json\/wp\/v2\/posts\/91783","targetHints":{"allow":["GET"]}}],"collection":[{"href":"https:\/\/zjarr.tv\/en\/wp-json\/wp\/v2\/posts"}],"about":[{"href":"https:\/\/zjarr.tv\/en\/wp-json\/wp\/v2\/types\/post"}],"author":[{"embeddable":true,"href":"https:\/\/zjarr.tv\/en\/wp-json\/wp\/v2\/users\/2013"}],"replies":[{"embeddable":true,"href":"https:\/\/zjarr.tv\/en\/wp-json\/wp\/v2\/comments?post=91783"}],"version-history":[{"count":0,"href":"https:\/\/zjarr.tv\/en\/wp-json\/wp\/v2\/posts\/91783\/revisions"}],"wp:featuredmedia":[{"embeddable":true,"href":"https:\/\/zjarr.tv\/en\/wp-json\/wp\/v2\/media\/91791"}],"wp:attachment":[{"href":"https:\/\/zjarr.tv\/en\/wp-json\/wp\/v2\/media?parent=91783"}],"wp:term":[{"taxonomy":"category","embeddable":true,"href":"https:\/\/zjarr.tv\/en\/wp-json\/wp\/v2\/categories?post=91783"},{"taxonomy":"post_tag","embeddable":true,"href":"https:\/\/zjarr.tv\/en\/wp-json\/wp\/v2\/tags?post=91783"}],"curies":[{"name":"wp","href":"https:\/\/api.w.org\/{rel}","templated":true}]}}