{"id":91785,"date":"2019-06-22T15:20:31","date_gmt":"2019-06-22T13:20:31","guid":{"rendered":"https:\/\/zjarr.tv\/?p=91785"},"modified":"2019-06-22T15:20:31","modified_gmt":"2019-06-22T13:20:31","slug":"meta-sa-me-i-madh-roli-i-gruas-aq-me-e-emancipuar-do-te-jete-shoqeria-jone","status":"publish","type":"post","link":"https:\/\/zjarr.tv\/en\/meta-sa-me-i-madh-roli-i-gruas-aq-me-e-emancipuar-do-te-jete-shoqeria-jone\/","title":{"rendered":"Meta: Sa m\u00eb i madh roli i gruas, aq m\u00eb e emancipuar do t\u00eb jet\u00eb shoq\u00ebria jon\u00eb"},"content":{"rendered":"<p>N\u00ebn kujdesin e ve\u00e7ant\u00eb t\u00eb Presidentit t\u00eb Republik\u00ebs, Sh.T.Z. Ilir Meta u \u00e7el n\u00eb mjediset e hapura t\u00eb Institucionit t\u00eb kreut t\u00eb shtetit ekspozita kushtuar grave t\u00eb suksesshme shqiptare kudo ku jetojn\u00eb: n\u00eb Shqip\u00ebri, Kosov\u00eb, Maqedoni, Zvic\u00ebr, Gjermani, Itali, Shtetet e Bashkuara t\u00eb Amerik\u00ebs, etj.<\/p>\n<p>Pasi p\u00ebruroi hapjen e ekspozit\u00ebs s\u00eb titulluar \u201c121 jet\u00eb suksesi n\u00eb 121 fotografi\u201d dhe duke mir\u00ebpritur zonjat dhe zonjushat q\u00eb me kontributet e tyre lart\u00ebsojn\u00eb emrin e Shqip\u00ebris\u00eb n\u00eb bot\u00eb, Presidenti i Republik\u00ebs vuri n\u00eb dukje n\u00eb fjal\u00ebn e rastit:<\/p>\n<p>\u201cNdihem i lumtur ve\u00e7an\u00ebrisht p\u00ebr faktin se k\u00ebto histori suksesi iu dedikohen zonjave shqiptare kudo n\u00eb bot\u00eb q\u00eb na e kan\u00eb zbukuruar dhe fisnik\u00ebruar Presidenc\u00ebn si asnj\u00ebher\u00eb tjet\u00ebr.<\/p>\n<p>Ky ndri\u00e7im q\u00eb ju na sillni k\u00ebtu, s\u00eb bashku me historit\u00eb tuaja t\u00eb suksesit n\u00eb kat\u00ebr an\u00ebt e bot\u00ebs, \u00ebsht\u00eb frym\u00ebzues p\u00ebr shum\u00eb gra dhe vajza t\u00eb reja shqiptare, t\u00eb cilat kan\u00eb nevoj\u00eb t\u00eb ken\u00eb m\u00eb shum\u00eb besim e m\u00eb shum\u00eb frym\u00ebzim p\u00ebr t\u2019u ndar\u00eb me d\u00ebshp\u00ebrimin q\u00eb vjen shpesh edhe nga pamund\u00ebsia p\u00ebr t\u00eb gjetur modelin dhe shembullin e duhur.\u201d<\/p>\n<p>Pasi fal\u00ebnderoi \u201cAlbanian Excellence\u201d dhe drejtuesen, znj. Flora Nikolla, q\u00eb n\u00eb k\u00ebto vite jan\u00eb b\u00ebr\u00eb promotore t\u00eb evidentimit dhe vler\u00ebsimit t\u00eb grave t\u00eb sukseshme shqiptare, brenda dhe jasht\u00eb vendit, Presidenti Meta theksoi se:<\/p>\n<p>\u201cZonjat kan\u00eb ardhur jo vet\u00ebm nga Shqip\u00ebria, por edhe nga Kosova, Maqedonia, Mali i Zi, nga Plava dhe Gucia, Shtetet e Bashkuara t\u00eb Amerik\u00ebs, Franca, Gjermania dhe Italia edhe nga Presheva, duke paraqitur 121 histori suksesi dhe frym\u00ebzimi, n\u00eb profesionet e tyre dhe n\u00eb jet\u00eb, duke kap\u00ebrcyer sfidat me t\u00eb cilat jan\u00eb ndeshur e duke i fituar ato n\u00eb fusha t\u00eb ndryshme si kultur\u00eb, art, arsim e mjek\u00ebsi.<\/p>\n<p>U g\u00ebzova pa mas\u00eb kur m\u00ebsova se \u2018Albanian Excellence\u2019 e ka shpallur vitin 2019 \u2018Viti i Gruas\u2019, sepse kemi v\u00ebrtet nevoj\u00eb p\u00ebr qet\u00ebsin\u00eb, men\u00e7urin\u00eb dhe impenjimin e grave shqiptare n\u00eb t\u00eb gjitha aspektet e jet\u00ebs dhe shoq\u00ebris\u00eb dhe e kemi t\u00eb domosdoshme q\u00eb t\u00eb jet\u00eb v\u00ebrtet nj\u00eb vit pozitiv.<\/p>\n<p>Jam i bindur q\u00eb, kur grat\u00eb jan\u00eb t\u00eb bashkuara dhe japin kontributin e tyre, p\u00ebrfituesit m\u00eb t\u00eb m\u00ebdhenj jan\u00eb familja, komuniteti dhe atdheu.\u201d \u2013 vuri n\u00eb dukje Presidenti Meta.<\/p>\n<p>\u201c\u00cbsht\u00eb shum\u00eb e r\u00ebnd\u00ebsishme q\u00eb t\u00eb d\u00ebgjohet z\u00ebri i grave dhe vajzave p\u00ebr \u00e7\u00ebshtje m\u00eb t\u00eb r\u00ebnd\u00ebsishme q\u00eb kan\u00eb t\u00eb b\u00ebjn\u00eb me fuqizimin e tyre ekonomik, me fuqizimin e tyre politik, me mb\u00ebshtetjen sidomos p\u00ebr grat\u00eb kryefamiljare q\u00eb kan\u00eb nj\u00eb p\u00ebrgjegj\u00ebsi t\u00eb jasht\u00ebzakonshme, me mb\u00ebshtetjen p\u00ebr grat\u00eb dhe vajzat n\u00eb nevoj\u00eb, apo p\u00ebrfaq\u00ebsimi m\u00eb i gjer\u00eb i grave e vajzave n\u00eb vendimmarrje kudo.<\/p>\n<p>Vet\u00ebm duke u mund\u00ebsuar grave dhe vajzave t\u00eb b\u00ebhen pjes\u00eb m\u00eb aktive dhe m\u00eb e r\u00ebnd\u00ebsishme n\u00eb vendimmarrje do t\u00eb kemi ligje m\u00eb t\u00eb mira p\u00ebr familjen, p\u00ebr f\u00ebmij\u00ebt, p\u00ebr mosh\u00ebn e tret\u00eb dhe m\u00eb gjer\u00eb.<\/p>\n<p>Sa m\u00eb i madh t\u00eb jet\u00eb roli i gruas aq m\u00eb e emancipuar, m\u00eb e sh\u00ebndetshme dhe m\u00eb e bashkuar do t\u00eb jet\u00eb shoq\u00ebria jon\u00eb.\u201d \u2013 n\u00ebnvizoi Presidenti Meta.<\/p>\n<p>\u201cMidis jush ka nga ato, t\u00eb cilat gjat\u00eb jet\u00ebs s\u00eb tyre iu \u00ebsht\u00eb dashur t\u00eb p\u00ebrballen me v\u00ebshtir\u00ebsi, sakrifica, paragjykime dhe madje pr fat t\u00eb keq edhe me dhun\u00eb. Por q\u00eb ia kan\u00eb dal\u00eb t\u2019i kap\u00ebrcejn\u00eb t\u00eb gjitha, t\u00eb ngren\u00eb z\u00ebrin e t\u00eb denoncojn\u00eb padrejt\u00ebsit\u00eb dhe t\u00eb b\u00ebhen sot shembull frym\u00ebzimi p\u00ebr brezat e rinj.<\/p>\n<p>Kjo \u00ebsht\u00eb forca e gruas!<\/p>\n<p>Por, gjithashtu kemi edhe zonja, t\u00eb cilat me p\u00ebrkushtim t\u00eb jasht\u00ebzakonsh\u00ebm, me vendosm\u00ebri e sakrifica kan\u00eb punuar p\u00ebr t\u00eb arritur majat e suksesit n\u00eb vendet ku jetojn\u00eb, e q\u00eb sot i kemi t\u00eb paraqitura n\u00eb k\u00ebt\u00eb ekspozit\u00eb dhe n\u00eb librin e botuar p\u00ebr to.<\/p>\n<p>Ju, zonja t\u00eb nderuara, jeni Ambasadoret m\u00eb t\u00eb mira t\u00eb Shqip\u00ebris\u00eb n\u00eb bot\u00eb!<\/p>\n<p>Un\u00eb jam i bindur q\u00eb historit\u00eb tuaja t\u00eb suksesit, t\u00eb sjella s\u00eb bashku n\u00eb k\u00ebt\u00eb ekspozit\u00eb dhe lib\u00ebr, do t\u00eb sh\u00ebrbejn\u00eb si frym\u00ebzim dhe do t\u00eb b\u00ebhen nj\u00eb model i shk\u00eblqyer p\u00ebr vajzat e grat\u00eb e reja, q\u00eb sot ndodhen n\u00eb momente t\u00eb v\u00ebshtira, apo q\u00eb p\u00ebrpiqen t\u00eb arrijn\u00eb suksese\u00a0 n\u00eb jet\u00ebn e karrierat e tyre. Me ju Shqip\u00ebria b\u00ebhet v\u00ebrtet\u00eb zonj\u00eb!\u201d<\/p>\n<p>Presidenti i Republik\u00ebs iu uroi sa m\u00eb shum\u00eb fat dhe suksese t\u00eb m\u00ebtejshme n\u00eb jet\u00ebn profesionale dhe pun\u00ebn e tyre, q\u00eb nxjerr n\u00eb pah arritjet dhe kontributet e jasht\u00ebzakonshme t\u00eb grave shqiptare kudo n\u00eb bot\u00eb.<\/p>\n<p>&nbsp;<\/p>","protected":false},"excerpt":{"rendered":"<p>N\u00ebn kujdesin e ve\u00e7ant\u00eb t\u00eb Presidentit t\u00eb Republik\u00ebs, Sh.T.Z. Ilir Meta u \u00e7el n\u00eb mjediset e hapura t\u00eb Institucionit t\u00eb kreut t\u00eb shtetit ekspozita kushtuar grave t\u00eb suksesshme shqiptare kudo ku jetojn\u00eb: n\u00eb Shqip\u00ebri, Kosov\u00eb, Maqedoni, Zvic\u00ebr, Gjermani, Itali, Shtetet e Bashkuara t\u00eb Amerik\u00ebs, etj. Pasi p\u00ebruroi hapjen e ekspozit\u00ebs s\u00eb titulluar \u201c121 jet\u00eb suksesi [&hellip;]<\/p>\n","protected":false},"author":2013,"featured_media":91786,"comment_status":"open","ping_status":"closed","sticky":false,"template":"","format":"standard","meta":{"footnotes":""},"categories":[241,235],"tags":[],"class_list":{"0":"post-91785","1":"post","2":"type-post","3":"status-publish","4":"format-standard","5":"has-post-thumbnail","7":"category-aktualitet","8":"category-vendi"},"_links":{"self":[{"href":"https:\/\/zjarr.tv\/en\/wp-json\/wp\/v2\/posts\/91785","targetHints":{"allow":["GET"]}}],"collection":[{"href":"https:\/\/zjarr.tv\/en\/wp-json\/wp\/v2\/posts"}],"about":[{"href":"https:\/\/zjarr.tv\/en\/wp-json\/wp\/v2\/types\/post"}],"author":[{"embeddable":true,"href":"https:\/\/zjarr.tv\/en\/wp-json\/wp\/v2\/users\/2013"}],"replies":[{"embeddable":true,"href":"https:\/\/zjarr.tv\/en\/wp-json\/wp\/v2\/comments?post=91785"}],"version-history":[{"count":0,"href":"https:\/\/zjarr.tv\/en\/wp-json\/wp\/v2\/posts\/91785\/revisions"}],"wp:featuredmedia":[{"embeddable":true,"href":"https:\/\/zjarr.tv\/en\/wp-json\/wp\/v2\/media\/91786"}],"wp:attachment":[{"href":"https:\/\/zjarr.tv\/en\/wp-json\/wp\/v2\/media?parent=91785"}],"wp:term":[{"taxonomy":"category","embeddable":true,"href":"https:\/\/zjarr.tv\/en\/wp-json\/wp\/v2\/categories?post=91785"},{"taxonomy":"post_tag","embeddable":true,"href":"https:\/\/zjarr.tv\/en\/wp-json\/wp\/v2\/tags?post=91785"}],"curies":[{"name":"wp","href":"https:\/\/api.w.org\/{rel}","templated":true}]}}