{"id":91788,"date":"2019-06-22T15:37:26","date_gmt":"2019-06-22T13:37:26","guid":{"rendered":"https:\/\/zjarr.tv\/?p=91788"},"modified":"2019-06-22T15:37:26","modified_gmt":"2019-06-22T13:37:26","slug":"klajda-gjosha-ben-thirrje-politika-te-ndahet-nga-urrejtja","status":"publish","type":"post","link":"https:\/\/zjarr.tv\/en\/klajda-gjosha-ben-thirrje-politika-te-ndahet-nga-urrejtja\/","title":{"rendered":"Klajda Gjosha b\u00ebn thirrje: Politika t\u00eb ndahet nga urrejtja"},"content":{"rendered":"<p>P\u00ebrgjimet e publikuara nga gazeta gjermane \u201cBild\u201d jan\u00eb shoq\u00ebruar me debate dhe akuza mes opozit\u00ebs dhe maxhoranc\u00ebs.<\/p>\n<p>K\u00ebshtu ish-ministrja e Integrimit, Klajda Gjosha shprehet se materialet e publikuara n\u00eb median gjermane kan\u00eb p\u00ebrcjell\u00eb nj\u00eb mesazh t\u00eb fort\u00eb p\u00ebr fush\u00ebn e politik\u00ebs, e cila si shton ajo, ka nevoj\u00eb p\u00ebr njer\u00ebz t\u00eb thjesht\u00eb q\u00eb i sh\u00ebrbejn\u00eb qytetar\u00ebve.<\/p>\n<p>\u201cP\u00ebrgjimet e BILD na kan\u00eb dh\u00ebn\u00eb nj\u00eb leksion shum\u00eb t\u00eb vlefsh\u00ebm, at\u00eb q\u00eb politika ka nevoj\u00eb t\u00eb p\u00ebrfaq\u00ebsohet nga njer\u00ebz t\u00eb thjesht\u00eb, normal dhe si t\u00eb gjith\u00eb qytetar\u00ebt e k\u00ebtij vendi. Kuvendi i Shqip\u00ebris\u00eb, duhet t\u00eb jet\u00eb sht\u00ebpia e integritetit shoq\u00ebror, vlerave, kultur\u00ebs dhe dijes. Sot m\u00eb shum\u00eb se kurr\u00eb nuk mund t\u00eb pranojm\u00eb q\u00eb Komisioni i Ligjeve, q\u00eb propozon dhe miraton ligjet q\u00eb diktojn\u00eb jet\u00ebn e qytetar\u00ebve shqiptar\u00eb, t\u00eb drejtohet nga njer\u00ebz q\u00eb shesin dhe blejn\u00eb t\u00eb drejt\u00ebn e qytetar\u00ebve p\u00ebr t\u00eb votuar t\u00eb lir\u00eb, t\u00eb shesin dhe t\u00eb blejn\u00eb postet e administrat\u00ebs publike, t\u00eb propozojn\u00eb ligje q\u00eb d\u00ebnojn\u00eb qytetar\u00ebt dhe t\u00eb shantazhojn\u00eb k\u00ebdo q\u00eb i tregon ligjin kur ata jan\u00eb vet\u00eb objekt i tij!<\/p>\n<p>Politika duhet cliruar nga retorika konfliktuale, personale dhe e urrejtjes. Qytetar\u00ebt e k\u00ebtij vendi nuk mund t\u00eb ndahen n\u00eb t\u00eb majt\u00eb dhe t\u00eb djatht\u00eb, ata jan\u00eb t\u00eb gjith\u00eb t\u00eb barabart\u00eb brenda ombrell\u00ebs q\u00eb quhet Shqip\u00ebri! Politika duhet t\u00eb m\u00ebsoj\u00eb t\u00eb respektoj\u00eb dhe t\u00eb ndahet nj\u00eb her\u00eb e mir\u00eb nga p\u00ebrcarja. Solidariteti n\u00eb k\u00ebto momente t\u00eb v\u00ebshtira duhet t\u00eb jet\u00eb pjes\u00eb e historis\u00eb s\u00eb k\u00ebtij kombi, p\u00ebr t\u00eb ndar\u00eb politik\u00ebn nga krimi, vulgariteti, abuzimi dhe deliri! Ky vend e ka t\u00eb ardhmen drejt europ\u00ebs, askush nuk e devijon dot k\u00ebt\u00eb destinacion final. Do t\u00eb mjaftonte vet\u00ebm pak maturi politike p\u00ebr ta b\u00ebr\u00eb k\u00ebt\u00eb realitet!\u201d-shkruan Gjosha.<\/p>\n<p>&nbsp;<\/p>","protected":false},"excerpt":{"rendered":"<p>P\u00ebrgjimet e publikuara nga gazeta gjermane \u201cBild\u201d jan\u00eb shoq\u00ebruar me debate dhe akuza mes opozit\u00ebs dhe maxhoranc\u00ebs. K\u00ebshtu ish-ministrja e Integrimit, Klajda Gjosha shprehet se materialet e publikuara n\u00eb median gjermane kan\u00eb p\u00ebrcjell\u00eb nj\u00eb mesazh t\u00eb fort\u00eb p\u00ebr fush\u00ebn e politik\u00ebs, e cila si shton ajo, ka nevoj\u00eb p\u00ebr njer\u00ebz t\u00eb thjesht\u00eb q\u00eb i sh\u00ebrbejn\u00eb [&hellip;]<\/p>\n","protected":false},"author":2013,"featured_media":90795,"comment_status":"open","ping_status":"closed","sticky":false,"template":"","format":"standard","meta":{"footnotes":""},"categories":[241,235],"tags":[],"class_list":{"0":"post-91788","1":"post","2":"type-post","3":"status-publish","4":"format-standard","5":"has-post-thumbnail","7":"category-aktualitet","8":"category-vendi"},"_links":{"self":[{"href":"https:\/\/zjarr.tv\/en\/wp-json\/wp\/v2\/posts\/91788","targetHints":{"allow":["GET"]}}],"collection":[{"href":"https:\/\/zjarr.tv\/en\/wp-json\/wp\/v2\/posts"}],"about":[{"href":"https:\/\/zjarr.tv\/en\/wp-json\/wp\/v2\/types\/post"}],"author":[{"embeddable":true,"href":"https:\/\/zjarr.tv\/en\/wp-json\/wp\/v2\/users\/2013"}],"replies":[{"embeddable":true,"href":"https:\/\/zjarr.tv\/en\/wp-json\/wp\/v2\/comments?post=91788"}],"version-history":[{"count":0,"href":"https:\/\/zjarr.tv\/en\/wp-json\/wp\/v2\/posts\/91788\/revisions"}],"wp:featuredmedia":[{"embeddable":true,"href":"https:\/\/zjarr.tv\/en\/wp-json\/wp\/v2\/media\/90795"}],"wp:attachment":[{"href":"https:\/\/zjarr.tv\/en\/wp-json\/wp\/v2\/media?parent=91788"}],"wp:term":[{"taxonomy":"category","embeddable":true,"href":"https:\/\/zjarr.tv\/en\/wp-json\/wp\/v2\/categories?post=91788"},{"taxonomy":"post_tag","embeddable":true,"href":"https:\/\/zjarr.tv\/en\/wp-json\/wp\/v2\/tags?post=91788"}],"curies":[{"name":"wp","href":"https:\/\/api.w.org\/{rel}","templated":true}]}}