{"id":91797,"date":"2019-06-22T15:57:08","date_gmt":"2019-06-22T13:57:08","guid":{"rendered":"https:\/\/zjarr.tv\/?p=91797"},"modified":"2019-06-22T15:57:08","modified_gmt":"2019-06-22T13:57:08","slug":"kqz-nis-ndryshimin-e-kzaz-ve-votimi-dhe-numerimi-ne-kukes-do-te-behen-ne-ambient-privat","status":"publish","type":"post","link":"https:\/\/zjarr.tv\/en\/kqz-nis-ndryshimin-e-kzaz-ve-votimi-dhe-numerimi-ne-kukes-do-te-behen-ne-ambient-privat\/","title":{"rendered":"KQZ nis ndryshimin e KZAZ-ve, votimi dhe num\u00ebrimi n\u00eb Kuk\u00ebs do t\u00eb b\u00ebhen n\u00eb ambient privat"},"content":{"rendered":"<p><em>Pas k\u00ebrkes\u00ebs s\u00eb bashkive t\u00eb djathta dhe t\u00eb LSI p\u00ebr t\u00eb t\u00ebrhequr materialet zgjedhore nga shkollat, KQZ ka vendosur me 4 vota q\u00eb votimi dhe num\u00ebrimi me 30 qershor t\u00eb realizohet n\u00eb ambientet private.<\/em><\/p>\n<p>Pas p\u00ebrplasjeve p\u00ebr KZAZ-t\u00eb mes policis\u00eb s\u00eb shtetit dhe bashkive q\u00eb k\u00ebrkojn\u00eb t\u00eb zbatohet dekreti i Presidentit Meta p\u00ebr anulimin e zgjedhjeve, KQZ nis ndryshimin e ambienteve.<\/p>\n<p>Me vot\u00ebn e kryetarit Klement Zgurit kund\u00ebr, 4 an\u00ebtar\u00ebt e tjer\u00eb t\u00eb KQZ-s\u00eb \u00a0vendosen q\u00eb materialet zgjedhore p\u00ebr Bashkin\u00eb e Kuk\u00ebsit t\u00eb zhvendosen n\u00eb nj\u00eb ambient privat n\u00eb qytetin verilindor.<\/p>\n<p><strong>Klement Zgurit:\u00a0<\/strong><em>&#8220;Nuk \u00ebsht\u00eb diskutim n\u00eb raport me kriteret ligjore. Un\u00eb jam kund\u00ebr gjithsesi KQZ vendosi t\u00eb caktoj\u00eb vendin e num\u00ebrimit t\u00eb votave t\u00eb KZAZ num\u00ebr 11 n\u00eb ambientet e ish hotel Drinit. Kat\u00ebr vota pro, nj\u00eb kund\u00ebr, miratohet.\u201d<\/em><\/p>\n<p>Bashkit\u00eb e qeverisura nga kryebashkiak\u00eb t\u00eb PD dhe LSI i kan\u00eb k\u00ebrkuar KQZ-s\u00eb q\u00eb t\u00eb largojn\u00eb materialet zgjedhore nga ambientet e bashkis\u00eb pas dekretit t\u00eb Kreut t\u00eb Shtetit.<\/p>","protected":false},"excerpt":{"rendered":"<p>Pas k\u00ebrkes\u00ebs s\u00eb bashkive t\u00eb djathta dhe t\u00eb LSI p\u00ebr t\u00eb t\u00ebrhequr materialet zgjedhore nga shkollat, KQZ ka vendosur me 4 vota q\u00eb votimi dhe num\u00ebrimi me 30 qershor t\u00eb realizohet n\u00eb ambientet private. Pas p\u00ebrplasjeve p\u00ebr KZAZ-t\u00eb mes policis\u00eb s\u00eb shtetit dhe bashkive q\u00eb k\u00ebrkojn\u00eb t\u00eb zbatohet dekreti i Presidentit Meta p\u00ebr anulimin e [&hellip;]<\/p>\n","protected":false},"author":2013,"featured_media":71746,"comment_status":"open","ping_status":"closed","sticky":false,"template":"","format":"standard","meta":{"footnotes":""},"categories":[241,235],"tags":[],"class_list":{"0":"post-91797","1":"post","2":"type-post","3":"status-publish","4":"format-standard","5":"has-post-thumbnail","7":"category-aktualitet","8":"category-vendi"},"_links":{"self":[{"href":"https:\/\/zjarr.tv\/en\/wp-json\/wp\/v2\/posts\/91797","targetHints":{"allow":["GET"]}}],"collection":[{"href":"https:\/\/zjarr.tv\/en\/wp-json\/wp\/v2\/posts"}],"about":[{"href":"https:\/\/zjarr.tv\/en\/wp-json\/wp\/v2\/types\/post"}],"author":[{"embeddable":true,"href":"https:\/\/zjarr.tv\/en\/wp-json\/wp\/v2\/users\/2013"}],"replies":[{"embeddable":true,"href":"https:\/\/zjarr.tv\/en\/wp-json\/wp\/v2\/comments?post=91797"}],"version-history":[{"count":0,"href":"https:\/\/zjarr.tv\/en\/wp-json\/wp\/v2\/posts\/91797\/revisions"}],"wp:featuredmedia":[{"embeddable":true,"href":"https:\/\/zjarr.tv\/en\/wp-json\/wp\/v2\/media\/71746"}],"wp:attachment":[{"href":"https:\/\/zjarr.tv\/en\/wp-json\/wp\/v2\/media?parent=91797"}],"wp:term":[{"taxonomy":"category","embeddable":true,"href":"https:\/\/zjarr.tv\/en\/wp-json\/wp\/v2\/categories?post=91797"},{"taxonomy":"post_tag","embeddable":true,"href":"https:\/\/zjarr.tv\/en\/wp-json\/wp\/v2\/tags?post=91797"}],"curies":[{"name":"wp","href":"https:\/\/api.w.org\/{rel}","templated":true}]}}