{"id":91834,"date":"2019-06-22T16:54:15","date_gmt":"2019-06-22T14:54:15","guid":{"rendered":"https:\/\/zjarr.tv\/?p=91834"},"modified":"2019-06-22T16:54:15","modified_gmt":"2019-06-22T14:54:15","slug":"kosova-siguron-talentin-e-hanoverit","status":"publish","type":"post","link":"https:\/\/zjarr.tv\/en\/kosova-siguron-talentin-e-hanoverit\/","title":{"rendered":"Kosova siguron talentin e Hanoverit"},"content":{"rendered":"<p>Florent Muslija \u00ebsht\u00eb talenti i kosovar\u00eb,q\u00eb i \u00ebsht\u00eb bashkuar komb\u00ebtares \u201cDardane\u201d.<\/p>\n<p>I lindur n\u00eb Gjermani 20-vje\u00e7ari \u00ebsht\u00eb pjes\u00eb e skuadr\u00ebs s\u00eb Hanoverit,ku ka zhvilluar 17 paraqitje duke sh\u00ebnuar 2-gola.<\/p>\n<p>N\u00eb fjal\u00ebt e tij t\u00eb para u shpreh se ishte i lumtur q\u00eb u b\u00eb pjes\u00eb e \u201cDardan\u00ebve\u201d.<\/p>\n<p>\u201cJam i lumtur q\u00eb sot i bashk\u00ebngjit\u00ebm \u201cDardan\u00ebve\u201d. Do t\u00eb jap maksimumin p\u00ebr t\u00eb arritur rezultate\u201d.<\/p>\n<p>\u201cI fal\u00ebnderoj t\u00eb gjith\u00eb, FFK-n\u00eb dhe familjen time q\u00eb m\u00eb ka p\u00ebrkrahur gjithmon\u00eb\u201d.<\/p>\n<p>&nbsp;<\/p>","protected":false},"excerpt":{"rendered":"<p>Florent Muslija \u00ebsht\u00eb talenti i kosovar\u00eb,q\u00eb i \u00ebsht\u00eb bashkuar komb\u00ebtares \u201cDardane\u201d. I lindur n\u00eb Gjermani 20-vje\u00e7ari \u00ebsht\u00eb pjes\u00eb e skuadr\u00ebs s\u00eb Hanoverit,ku ka zhvilluar 17 paraqitje duke sh\u00ebnuar 2-gola. N\u00eb fjal\u00ebt e tij t\u00eb para u shpreh se ishte i lumtur q\u00eb u b\u00eb pjes\u00eb e \u201cDardan\u00ebve\u201d. \u201cJam i lumtur q\u00eb sot i bashk\u00ebngjit\u00ebm \u201cDardan\u00ebve\u201d. [&hellip;]<\/p>\n","protected":false},"author":2013,"featured_media":91835,"comment_status":"open","ping_status":"closed","sticky":false,"template":"","format":"standard","meta":{"footnotes":""},"categories":[241,192],"tags":[],"class_list":{"0":"post-91834","1":"post","2":"type-post","3":"status-publish","4":"format-standard","5":"has-post-thumbnail","7":"category-aktualitet","8":"category-sport"},"_links":{"self":[{"href":"https:\/\/zjarr.tv\/en\/wp-json\/wp\/v2\/posts\/91834","targetHints":{"allow":["GET"]}}],"collection":[{"href":"https:\/\/zjarr.tv\/en\/wp-json\/wp\/v2\/posts"}],"about":[{"href":"https:\/\/zjarr.tv\/en\/wp-json\/wp\/v2\/types\/post"}],"author":[{"embeddable":true,"href":"https:\/\/zjarr.tv\/en\/wp-json\/wp\/v2\/users\/2013"}],"replies":[{"embeddable":true,"href":"https:\/\/zjarr.tv\/en\/wp-json\/wp\/v2\/comments?post=91834"}],"version-history":[{"count":0,"href":"https:\/\/zjarr.tv\/en\/wp-json\/wp\/v2\/posts\/91834\/revisions"}],"wp:featuredmedia":[{"embeddable":true,"href":"https:\/\/zjarr.tv\/en\/wp-json\/wp\/v2\/media\/91835"}],"wp:attachment":[{"href":"https:\/\/zjarr.tv\/en\/wp-json\/wp\/v2\/media?parent=91834"}],"wp:term":[{"taxonomy":"category","embeddable":true,"href":"https:\/\/zjarr.tv\/en\/wp-json\/wp\/v2\/categories?post=91834"},{"taxonomy":"post_tag","embeddable":true,"href":"https:\/\/zjarr.tv\/en\/wp-json\/wp\/v2\/tags?post=91834"}],"curies":[{"name":"wp","href":"https:\/\/api.w.org\/{rel}","templated":true}]}}