{"id":91843,"date":"2019-06-22T17:02:52","date_gmt":"2019-06-22T15:02:52","guid":{"rendered":"https:\/\/zjarr.tv\/?p=91843"},"modified":"2019-06-22T17:02:52","modified_gmt":"2019-06-22T15:02:52","slug":"lul-basha-me-ka-premtuar-asgjesimin-e-projektit-me-te-rezikshem-ne-historine-e-politikes-shqiptare-rilindjes","status":"publish","type":"post","link":"https:\/\/zjarr.tv\/en\/lul-basha-me-ka-premtuar-asgjesimin-e-projektit-me-te-rezikshem-ne-historine-e-politikes-shqiptare-rilindjes\/","title":{"rendered":"Lul Basha me ka \u2018premtuar\u2019 asgj\u00ebsimin e projektit me t\u00eb reziksh\u00ebm ne historin\u00eb e politik\u00ebs shqiptare, rilindjes"},"content":{"rendered":"<p>Nga Jul Deda\/<br \/>\nUne nuk kam hedhur asnj\u00ebher\u00eb nj\u00eb foto t\u00eb tij\u00ebn dhe sigurisht posht\u00eb k\u00ebsaj q\u00eb po hedh sot ju keni t\u00eb drejt\u00eb t\u00eb komentoni si t\u00eb doni, ta lavd\u00ebroni ose ta shani. P\u00ebr t\u00eb qen\u00eb i sinqert\u00eb, edhe une, jo me larg se para dy vitesh, nuk pajtohesha me t\u00eb n\u00eb shum\u00eb gjera dhe e kam shprehur, ndoshta n\u00eb disa gjera teknike nuk pajtohem as tani por p\u00ebr di\u00e7ka thelb\u00ebsore, ky burr\u00eb duhet komplimentuar sot. Nuk kam asnj\u00eb kompleks t\u00eb pranoj, se Lul Basha sot po b\u00ebn pik\u00ebrisht at\u00eb, p\u00ebr t\u00eb cil\u00ebn ne t\u00eb gjith\u00eb e kemi kritikuar pafund deri dje. Ai sot \u00ebsht\u00eb n\u00eb kulmin e t\u00eb b\u00ebrit opozit\u00eb.<br \/>\nE kemi kritikuar, pse nuk b\u00ebn opozit\u00eb me fakte? Ja ku jan\u00eb. \u00c7do gj\u00eb q\u00eb ai dhe opozita ka th\u00ebn\u00eb p\u00ebr trafikun e vot\u00ebs, sot \u00ebsht\u00eb e vertetuar me z\u00eb e me figur\u00eb. E nj\u00ebjta gj\u00eb ka ndodhur me kanabizimin dhe me kriminalizimin e parlamentit. \u00c7do fakt i denoncuar doli i vertet\u00eb.<br \/>\nE kemi kritikuar, pse largoi disa personazhe nga nga listat e deputet\u00ebve p\u00ebr zgjedhjet e p\u00ebrgjithshme t\u00eb 2017- t\u00ebs? Epo kur shikon sot, se si ata jo vet\u00ebm q\u00eb nuk bejn\u00eb opozit\u00eb, jo vet\u00ebm q\u00eb godasin vet\u00ebm ish partin\u00eb e tyre, por i beh\u00ebn pateric\u00eb p\u00ebr t\u00eb mbajtur n\u00eb kemb\u00eb nj\u00eb pushtet t\u00eb kalbur si rilindja duke u futur n\u00eb votime (se zgjedhje nuk ka), i jap t\u00eb drejt\u00eb Bash\u00ebs p\u00ebr at\u00eb veprim.<br \/>\nE kemi akuzuar gjithashtu, se nuk b\u00ebn protesta? Ja ku jemi sot, n\u00ebnt\u00eb protesta rresht, njera m\u00eb madh\u00ebshtore se tjetra. Protestuesit sa vijn\u00eb e shtohen. A \u00ebsht\u00eb kjo nj\u00eb shenj\u00eb besimi ndaj liderit t\u00eb opozit\u00ebs? K\u00ebt\u00eb gjykojeni vet\u00eb.<br \/>\nP\u00ebr ta mbyllur. E di, q\u00eb pasi ta kem hedhur statusin dhe ju ta lexoni at\u00eb, shum\u00eb prej jush do mendojn\u00eb, se &#8220;kush e di \u00e7far\u00eb i paska premtuar Luli, qe Juli paska shkruar ket\u00eb gj\u00eb&#8221;. Mos u lodhni me hamendesime t\u00eb kota, po jua heq une kuriozitetin q\u00eb tani. Ai me ka &#8220;premtuar&#8221; asgj\u00ebsimin e projektit me t\u00eb reziksh\u00ebm ne historin\u00eb e politik\u00ebs shqiptare, rilindjes, kaq mjafton p\u00ebr ta p\u00ebrkrahur n\u00eb k\u00ebt\u00eb mision.<\/p>","protected":false},"excerpt":{"rendered":"<p>Nga Jul Deda\/ Une nuk kam hedhur asnj\u00ebher\u00eb nj\u00eb foto t\u00eb tij\u00ebn dhe sigurisht posht\u00eb k\u00ebsaj q\u00eb po hedh sot ju keni t\u00eb drejt\u00eb t\u00eb komentoni si t\u00eb doni, ta lavd\u00ebroni ose ta shani. P\u00ebr t\u00eb qen\u00eb i sinqert\u00eb, edhe une, jo me larg se para dy vitesh, nuk pajtohesha me t\u00eb n\u00eb shum\u00eb gjera [&hellip;]<\/p>\n","protected":false},"author":2013,"featured_media":91844,"comment_status":"open","ping_status":"closed","sticky":false,"template":"","format":"standard","meta":{"footnotes":""},"categories":[241,235],"tags":[],"class_list":{"0":"post-91843","1":"post","2":"type-post","3":"status-publish","4":"format-standard","5":"has-post-thumbnail","7":"category-aktualitet","8":"category-vendi"},"_links":{"self":[{"href":"https:\/\/zjarr.tv\/en\/wp-json\/wp\/v2\/posts\/91843","targetHints":{"allow":["GET"]}}],"collection":[{"href":"https:\/\/zjarr.tv\/en\/wp-json\/wp\/v2\/posts"}],"about":[{"href":"https:\/\/zjarr.tv\/en\/wp-json\/wp\/v2\/types\/post"}],"author":[{"embeddable":true,"href":"https:\/\/zjarr.tv\/en\/wp-json\/wp\/v2\/users\/2013"}],"replies":[{"embeddable":true,"href":"https:\/\/zjarr.tv\/en\/wp-json\/wp\/v2\/comments?post=91843"}],"version-history":[{"count":0,"href":"https:\/\/zjarr.tv\/en\/wp-json\/wp\/v2\/posts\/91843\/revisions"}],"wp:featuredmedia":[{"embeddable":true,"href":"https:\/\/zjarr.tv\/en\/wp-json\/wp\/v2\/media\/91844"}],"wp:attachment":[{"href":"https:\/\/zjarr.tv\/en\/wp-json\/wp\/v2\/media?parent=91843"}],"wp:term":[{"taxonomy":"category","embeddable":true,"href":"https:\/\/zjarr.tv\/en\/wp-json\/wp\/v2\/categories?post=91843"},{"taxonomy":"post_tag","embeddable":true,"href":"https:\/\/zjarr.tv\/en\/wp-json\/wp\/v2\/tags?post=91843"}],"curies":[{"name":"wp","href":"https:\/\/api.w.org\/{rel}","templated":true}]}}