{"id":92500,"date":"2019-06-26T16:01:16","date_gmt":"2019-06-26T14:01:16","guid":{"rendered":"https:\/\/zjarr.tv\/?p=92500"},"modified":"2019-06-26T16:01:16","modified_gmt":"2019-06-26T14:01:16","slug":"ministri-cakaj-mbarevajtja-e-zgjedhjeve-interes-kombetar","status":"publish","type":"post","link":"https:\/\/zjarr.tv\/en\/ministri-cakaj-mbarevajtja-e-zgjedhjeve-interes-kombetar\/","title":{"rendered":"Ministri Cakaj: Mbar\u00ebvajtja e zgjedhjeve, interes komb\u00ebtar"},"content":{"rendered":"<p>Ministri n\u00eb Detyr\u00eb p\u00ebr Evrop\u00ebn dhe Pun\u00ebt e Jashtme Gent Cakaj u shpreh se Shqip\u00ebria nuk duhet t\u00eb b\u00ebj\u00eb hapa pas p\u00ebr interesa partiake, por duhet angazhim p\u00ebr interesin komb\u00ebtar.<\/p>\n<p>Duke folur p\u00ebr zgjedhjet e 30 qershorit n\u00eb konferenc\u00ebn p\u00ebr shtyp me ministrin e Jasht\u00ebm t\u00eb Hungaris\u00eb Peter Szijjarto, Cakaj u shpreh se duhet t\u00eb ket\u00eb p\u00ebrpar\u00ebsi agjenda evropiane e vendit p\u00ebrpara \u00e7far\u00ebdo llogaritjeje politike.<\/p>\n<p>N\u00eb konferenc\u00ebn e p\u00ebrbashk\u00ebt p\u00ebr shtyp Cakaj falenderoi Hungarin\u00eb p\u00ebr mb\u00ebshtetjen ndaj Shqip\u00ebris\u00eb n\u00eb rrug\u00ebn e saj t\u00eb integrimit, por tha se ndihma e miqve t\u00eb Shqip\u00ebris\u00eb duhet t\u00eb shoq\u00ebrohet me p\u00ebrpjekje, vullnet dhe veprime politike t\u00eb brendshme q\u00eb nuk pengojn\u00eb, por ndihmojn\u00eb n\u00eb hapjen e negociatave.<\/p>\n<p>Ministri n\u00eb Detyr\u00eb Cakaj vler\u00ebsoi lart\u00eb bashk\u00ebpunimin me Hungarin\u00eb.\u00a0 \u201cGjat\u00eb gjith\u00eb k\u00ebsaj periudhe me Ministrin Szijjarto kemi zhvilluar nj\u00eb cik\u00ebl takimesh q\u00eb kan\u00eb p\u00ebrfunduar me n\u00ebnshkrimin e disa marr\u00ebveshjeve dhe jemi n\u00eb proces shqyrtimi t\u00eb mund\u00ebsive t\u00eb reja t\u00eb bashk\u00ebpunimit,\u201d tha Cakaj.<\/p>\n<p>Nga ana e tij ministri hungarez konfirmoi mb\u00ebshtetjen ndaj Shqip\u00ebris\u00eb p\u00ebr hapjen e negociatave.<\/p>","protected":false},"excerpt":{"rendered":"<p>Ministri n\u00eb Detyr\u00eb p\u00ebr Evrop\u00ebn dhe Pun\u00ebt e Jashtme Gent Cakaj u shpreh se Shqip\u00ebria nuk duhet t\u00eb b\u00ebj\u00eb hapa pas p\u00ebr interesa partiake, por duhet angazhim p\u00ebr interesin komb\u00ebtar. Duke folur p\u00ebr zgjedhjet e 30 qershorit n\u00eb konferenc\u00ebn p\u00ebr shtyp me ministrin e Jasht\u00ebm t\u00eb Hungaris\u00eb Peter Szijjarto, Cakaj u shpreh se duhet t\u00eb [&hellip;]<\/p>\n","protected":false},"author":2013,"featured_media":60045,"comment_status":"open","ping_status":"closed","sticky":false,"template":"","format":"standard","meta":{"footnotes":""},"categories":[241,235],"tags":[],"class_list":{"0":"post-92500","1":"post","2":"type-post","3":"status-publish","4":"format-standard","5":"has-post-thumbnail","7":"category-aktualitet","8":"category-vendi"},"_links":{"self":[{"href":"https:\/\/zjarr.tv\/en\/wp-json\/wp\/v2\/posts\/92500","targetHints":{"allow":["GET"]}}],"collection":[{"href":"https:\/\/zjarr.tv\/en\/wp-json\/wp\/v2\/posts"}],"about":[{"href":"https:\/\/zjarr.tv\/en\/wp-json\/wp\/v2\/types\/post"}],"author":[{"embeddable":true,"href":"https:\/\/zjarr.tv\/en\/wp-json\/wp\/v2\/users\/2013"}],"replies":[{"embeddable":true,"href":"https:\/\/zjarr.tv\/en\/wp-json\/wp\/v2\/comments?post=92500"}],"version-history":[{"count":0,"href":"https:\/\/zjarr.tv\/en\/wp-json\/wp\/v2\/posts\/92500\/revisions"}],"wp:featuredmedia":[{"embeddable":true,"href":"https:\/\/zjarr.tv\/en\/wp-json\/wp\/v2\/media\/60045"}],"wp:attachment":[{"href":"https:\/\/zjarr.tv\/en\/wp-json\/wp\/v2\/media?parent=92500"}],"wp:term":[{"taxonomy":"category","embeddable":true,"href":"https:\/\/zjarr.tv\/en\/wp-json\/wp\/v2\/categories?post=92500"},{"taxonomy":"post_tag","embeddable":true,"href":"https:\/\/zjarr.tv\/en\/wp-json\/wp\/v2\/tags?post=92500"}],"curies":[{"name":"wp","href":"https:\/\/api.w.org\/{rel}","templated":true}]}}