{"id":92533,"date":"2019-06-26T16:41:06","date_gmt":"2019-06-26T14:41:06","guid":{"rendered":"https:\/\/zjarr.tv\/?p=92533"},"modified":"2019-06-26T16:41:06","modified_gmt":"2019-06-26T14:41:06","slug":"tabaku-kie-nuk-e-sheh-30-qershorin-ne-kufijte-e-ligjit-rama-vazhdon","status":"publish","type":"post","link":"https:\/\/zjarr.tv\/en\/tabaku-kie-nuk-e-sheh-30-qershorin-ne-kufijte-e-ligjit-rama-vazhdon\/","title":{"rendered":"Tabaku: KiE nuk e sheh 30 qershorin n\u00eb kufijt\u00eb e ligjit, Rama vazhdon &#8230;"},"content":{"rendered":"<p>Ish-deputetja e PD Jorida Tabaku me an\u00eb t\u00eb nj\u00eb statusi n\u00eb rrjetin social \u2018Facebook\u2019 shkruan se K\u00ebshilli i Europ\u00ebs ka marr\u00eb nj\u00eb vendim t\u00eb paprecedent q\u00eb t\u00eb mos ndjek\u00eb nga af\u00ebr zgjedhjet e 30 qershorit n\u00eb Shqip\u00ebri.<\/p>\n<p>Tabaku shkruan se KiE merr vendime q\u00eb jan\u00eb t\u00eb paprecedent\u00eb, kurse Edi Rama vazhdon t\u00eb besoj\u00eb realitetin paralel q\u00eb e ka krijuar vet\u00eb.<\/p>\n<p>Reagimi i plot\u00eb i Jorida Tabakut:<\/p>\n<p>i Europ\u00ebs vendim t\u00eb paprecedente, Rama vijon n\u00eb realitetin e tij paralel!<\/p>\n<p>K\u00ebshilli i Autoriteteve Lokale dhe Rajonale n\u00eb K\u00ebshillin e Europ\u00ebs q\u00eb ka monitoruar e v\u00ebzhguar \u00e7do zgjedhje lokale n\u00eb Shqip\u00ebri dhe q\u00eb kishte njoftuar ekipe v\u00ebzhgimi t\u00eb p\u00ebrbashk\u00ebta me OSBE ka njoftuar zyrtarisht OSBE, deputet\u00ebt e kuvendit dhe k\u00ebdo, q\u00eb t\u00eb dy president\u00ebt kan\u00eb vendosur q\u00eb si rezultat i paqart\u00ebsive t\u00eb procesit zgjedhor (lexo faktit q\u00eb ka nj\u00eb dekret presidenti t\u00eb botuar n\u00eb fletoren zyrtare) do t\u00eb anulojn\u00eb misionin e v\u00ebzhgimit.<\/p>\n<p>N\u00eb fjal\u00eb t\u00eb tjera, misioni nuk i sheh zgjedhjet e 30 qershorit n\u00eb kufijt\u00eb e ligjores dhe legjitimes.<\/p>\n<p>Sikund\u00ebr rrezon propagand\u00ebn e mazhoranc\u00ebs q\u00eb nuk la gur pa l\u00ebvizur p\u00ebr t\u00eb kthyer zgjedhjet moniste n\u00eb vend.<\/p>\n<p>Tani Rama mund t\u00eb vazhdoje i qet\u00eb dhe i vet\u00ebm drejt zgjedhjeve nj\u00ebpartiake. Me kandidat\u00eb t\u00eb vet\u00ebm, t\u00eb izoluar dhe mbase me v\u00ebzhgues nga Koreja e Veriut drejt 30 qershori!<\/p>\n<p>Ndon\u00ebse ligj\u00ebrisht zgjedhjet me 30 qershor nuk ekzistojn\u00eb si p\u00ebr Fletoren Zyrtare edhe p\u00ebr faktorin nd\u00ebrkomb\u00ebtar.<\/p>\n<p>Armata e Brankoleones le t\u00eb vazhdoj\u00eb drejt humner\u00ebs n\u00eb t\u00eb cil\u00ebn \u00ebsht\u00eb nisur.<\/p>\n<p>Por t\u00eb mos p\u00ebrhap\u00eb panik p\u00ebr nj\u00eb informacion q\u00eb e kan\u00eb marr\u00eb demokrat\u00eb e socialist\u00eb!<\/p>\n<p>&nbsp;<\/p>","protected":false},"excerpt":{"rendered":"<p>Ish-deputetja e PD Jorida Tabaku me an\u00eb t\u00eb nj\u00eb statusi n\u00eb rrjetin social \u2018Facebook\u2019 shkruan se K\u00ebshilli i Europ\u00ebs ka marr\u00eb nj\u00eb vendim t\u00eb paprecedent q\u00eb t\u00eb mos ndjek\u00eb nga af\u00ebr zgjedhjet e 30 qershorit n\u00eb Shqip\u00ebri. Tabaku shkruan se KiE merr vendime q\u00eb jan\u00eb t\u00eb paprecedent\u00eb, kurse Edi Rama vazhdon t\u00eb besoj\u00eb realitetin paralel [&hellip;]<\/p>\n","protected":false},"author":2013,"featured_media":69477,"comment_status":"open","ping_status":"closed","sticky":false,"template":"","format":"standard","meta":{"footnotes":""},"categories":[241,235],"tags":[],"class_list":{"0":"post-92533","1":"post","2":"type-post","3":"status-publish","4":"format-standard","5":"has-post-thumbnail","7":"category-aktualitet","8":"category-vendi"},"_links":{"self":[{"href":"https:\/\/zjarr.tv\/en\/wp-json\/wp\/v2\/posts\/92533","targetHints":{"allow":["GET"]}}],"collection":[{"href":"https:\/\/zjarr.tv\/en\/wp-json\/wp\/v2\/posts"}],"about":[{"href":"https:\/\/zjarr.tv\/en\/wp-json\/wp\/v2\/types\/post"}],"author":[{"embeddable":true,"href":"https:\/\/zjarr.tv\/en\/wp-json\/wp\/v2\/users\/2013"}],"replies":[{"embeddable":true,"href":"https:\/\/zjarr.tv\/en\/wp-json\/wp\/v2\/comments?post=92533"}],"version-history":[{"count":0,"href":"https:\/\/zjarr.tv\/en\/wp-json\/wp\/v2\/posts\/92533\/revisions"}],"wp:featuredmedia":[{"embeddable":true,"href":"https:\/\/zjarr.tv\/en\/wp-json\/wp\/v2\/media\/69477"}],"wp:attachment":[{"href":"https:\/\/zjarr.tv\/en\/wp-json\/wp\/v2\/media?parent=92533"}],"wp:term":[{"taxonomy":"category","embeddable":true,"href":"https:\/\/zjarr.tv\/en\/wp-json\/wp\/v2\/categories?post=92533"},{"taxonomy":"post_tag","embeddable":true,"href":"https:\/\/zjarr.tv\/en\/wp-json\/wp\/v2\/tags?post=92533"}],"curies":[{"name":"wp","href":"https:\/\/api.w.org\/{rel}","templated":true}]}}