{"id":92542,"date":"2019-06-26T16:47:14","date_gmt":"2019-06-26T14:47:14","guid":{"rendered":"https:\/\/zjarr.tv\/?p=92542"},"modified":"2019-06-26T16:47:14","modified_gmt":"2019-06-26T14:47:14","slug":"gjykata-e-tiranes-urdher-mbi-zhvillimin-e-gjykimeve-te-kerkesave-per-leje-votimi","status":"publish","type":"post","link":"https:\/\/zjarr.tv\/en\/gjykata-e-tiranes-urdher-mbi-zhvillimin-e-gjykimeve-te-kerkesave-per-leje-votimi\/","title":{"rendered":"Gjykata e Tiran\u00ebs urdh\u00ebr mbi zhvillimin e gjykimeve t\u00eb k\u00ebrkesave p\u00ebr \u2018Leje votimi\u2019"},"content":{"rendered":"<p>Gjykata e Tiran\u00ebs ka nxjerr\u00eb nj\u00eb urdh\u00ebr mbi zhvillimin e gjykimeve t\u00eb k\u00ebrkesave p\u00ebr \u2018Leje votimi\u2019<\/p>\n<p>Sipas Gjykat\u00ebs s\u00eb Tiran\u00ebs, gjykimi i k\u00ebrkesave \u2018Leje votimi\u2019 do t\u00eb b\u00ebhet nga t\u00eb gjith\u00eb gjyqtar\u00ebt e Dhom\u00ebs Civile.<\/p>\n<p>Po ashtu gjykatat e rretheve shqyrtojn\u00eb edhe n\u00eb dit\u00ebn e zgjedhjeve, jo m\u00eb von\u00eb se 6 or\u00eb p\u00ebrpara mbylljes s\u00eb votimit<\/p>\n<p><em>&#8220;Gjyqtar\u00ebt e Dhom\u00ebs Civile si dhe administrata gjyq\u00ebsore do punojn\u00eb edhe n\u00eb dit\u00ebt e pushimit, konkretisht me 29-30 qershor&#8221;,<\/em>\u00a0thuhet n\u00eb njoftimin e Gjykat\u00ebs s\u00eb Tiran\u00ebs.<\/p>\n<p>&nbsp;<\/p>","protected":false},"excerpt":{"rendered":"<p>Gjykata e Tiran\u00ebs ka nxjerr\u00eb nj\u00eb urdh\u00ebr mbi zhvillimin e gjykimeve t\u00eb k\u00ebrkesave p\u00ebr \u2018Leje votimi\u2019 Sipas Gjykat\u00ebs s\u00eb Tiran\u00ebs, gjykimi i k\u00ebrkesave \u2018Leje votimi\u2019 do t\u00eb b\u00ebhet nga t\u00eb gjith\u00eb gjyqtar\u00ebt e Dhom\u00ebs Civile. Po ashtu gjykatat e rretheve shqyrtojn\u00eb edhe n\u00eb dit\u00ebn e zgjedhjeve, jo m\u00eb von\u00eb se 6 or\u00eb p\u00ebrpara mbylljes s\u00eb [&hellip;]<\/p>\n","protected":false},"author":2013,"featured_media":73706,"comment_status":"open","ping_status":"closed","sticky":false,"template":"","format":"standard","meta":{"footnotes":""},"categories":[241,235],"tags":[],"class_list":{"0":"post-92542","1":"post","2":"type-post","3":"status-publish","4":"format-standard","5":"has-post-thumbnail","7":"category-aktualitet","8":"category-vendi"},"_links":{"self":[{"href":"https:\/\/zjarr.tv\/en\/wp-json\/wp\/v2\/posts\/92542","targetHints":{"allow":["GET"]}}],"collection":[{"href":"https:\/\/zjarr.tv\/en\/wp-json\/wp\/v2\/posts"}],"about":[{"href":"https:\/\/zjarr.tv\/en\/wp-json\/wp\/v2\/types\/post"}],"author":[{"embeddable":true,"href":"https:\/\/zjarr.tv\/en\/wp-json\/wp\/v2\/users\/2013"}],"replies":[{"embeddable":true,"href":"https:\/\/zjarr.tv\/en\/wp-json\/wp\/v2\/comments?post=92542"}],"version-history":[{"count":0,"href":"https:\/\/zjarr.tv\/en\/wp-json\/wp\/v2\/posts\/92542\/revisions"}],"wp:featuredmedia":[{"embeddable":true,"href":"https:\/\/zjarr.tv\/en\/wp-json\/wp\/v2\/media\/73706"}],"wp:attachment":[{"href":"https:\/\/zjarr.tv\/en\/wp-json\/wp\/v2\/media?parent=92542"}],"wp:term":[{"taxonomy":"category","embeddable":true,"href":"https:\/\/zjarr.tv\/en\/wp-json\/wp\/v2\/categories?post=92542"},{"taxonomy":"post_tag","embeddable":true,"href":"https:\/\/zjarr.tv\/en\/wp-json\/wp\/v2\/tags?post=92542"}],"curies":[{"name":"wp","href":"https:\/\/api.w.org\/{rel}","templated":true}]}}