{"id":92681,"date":"2019-06-27T20:00:36","date_gmt":"2019-06-27T18:00:36","guid":{"rendered":"https:\/\/zjarr.tv\/?p=92681"},"modified":"2019-06-27T13:29:05","modified_gmt":"2019-06-27T11:29:05","slug":"u-arrestua-ne-budapest-gjykata-vendos-te-mos-ekstradoje-ish-kryeministrin-gruevski","status":"publish","type":"post","link":"https:\/\/zjarr.tv\/en\/u-arrestua-ne-budapest-gjykata-vendos-te-mos-ekstradoje-ish-kryeministrin-gruevski\/","title":{"rendered":"U arrestua n\u00eb Budapest, gjykata vendos t\u00eb mos ekstradoj\u00eb ish-kryeministrin Gruevski"},"content":{"rendered":"<p>Gjykata e Budapestit ka vendosur t\u00eb mos ekstradoj\u00eb drejt ish-kryeministri maqedonas, Nikolla Gruevski, drejt vendit t\u00eb tij pasi ai u arrestua nga policia hungareze.<\/p>\n<p>Gjykata vendosi t\u00eb refuzoj\u00eb k\u00ebrkes\u00ebn e Ministris\u00eb s\u00eb Drejt\u00ebsis\u00eb p\u00ebr ekstradimin e ish-kryeministrit.<\/p>\n<p>Senaca gjyq\u00ebsore nga Gruevskit u zhvillua me dyet t\u00eb mbyllura.<\/p>\n<p>Sipas medieve hungareze, Gruevski u arrestua m\u00ebngjesin e sot\u00ebm n\u00eb Buudapest pas k\u00ebrkes\u00ebs s\u00eb gjykat\u00ebs.<\/p>\n<p>Nga videoja shihet Gruevski q\u00eb i fsheh prangat n\u00eb duar me xhaket\u00eb.<\/p>\n<p>Maqedonia e Veriut \u00a0k\u00ebrkoi ekstradimin p\u00ebr vuajtjen e d\u00ebnimit me burg prej dy vjet\u00ebsh p\u00ebr l\u00ebnd\u00ebn e PSP \u201cTanku\u201d si dhe ngjarjet e p\u00ebrgjakshme n\u00eb Kuvend p\u00ebr t\u00eb cil\u00ebt dyshohet se ka qen\u00eb organizator.<\/p>\n<p>&nbsp;<\/p>","protected":false},"excerpt":{"rendered":"<p>Gjykata e Budapestit ka vendosur t\u00eb mos ekstradoj\u00eb drejt ish-kryeministri maqedonas, Nikolla Gruevski, drejt vendit t\u00eb tij pasi ai u arrestua nga policia hungareze. Gjykata vendosi t\u00eb refuzoj\u00eb k\u00ebrkes\u00ebn e Ministris\u00eb s\u00eb Drejt\u00ebsis\u00eb p\u00ebr ekstradimin e ish-kryeministrit. Senaca gjyq\u00ebsore nga Gruevskit u zhvillua me dyet t\u00eb mbyllura. Sipas medieve hungareze, Gruevski u arrestua m\u00ebngjesin e [&hellip;]<\/p>\n","protected":false},"author":2013,"featured_media":92682,"comment_status":"open","ping_status":"closed","sticky":false,"template":"","format":"standard","meta":{"footnotes":""},"categories":[241,2],"tags":[],"class_list":{"0":"post-92681","1":"post","2":"type-post","3":"status-publish","4":"format-standard","5":"has-post-thumbnail","7":"category-aktualitet","8":"category-rajoni"},"_links":{"self":[{"href":"https:\/\/zjarr.tv\/en\/wp-json\/wp\/v2\/posts\/92681","targetHints":{"allow":["GET"]}}],"collection":[{"href":"https:\/\/zjarr.tv\/en\/wp-json\/wp\/v2\/posts"}],"about":[{"href":"https:\/\/zjarr.tv\/en\/wp-json\/wp\/v2\/types\/post"}],"author":[{"embeddable":true,"href":"https:\/\/zjarr.tv\/en\/wp-json\/wp\/v2\/users\/2013"}],"replies":[{"embeddable":true,"href":"https:\/\/zjarr.tv\/en\/wp-json\/wp\/v2\/comments?post=92681"}],"version-history":[{"count":0,"href":"https:\/\/zjarr.tv\/en\/wp-json\/wp\/v2\/posts\/92681\/revisions"}],"wp:featuredmedia":[{"embeddable":true,"href":"https:\/\/zjarr.tv\/en\/wp-json\/wp\/v2\/media\/92682"}],"wp:attachment":[{"href":"https:\/\/zjarr.tv\/en\/wp-json\/wp\/v2\/media?parent=92681"}],"wp:term":[{"taxonomy":"category","embeddable":true,"href":"https:\/\/zjarr.tv\/en\/wp-json\/wp\/v2\/categories?post=92681"},{"taxonomy":"post_tag","embeddable":true,"href":"https:\/\/zjarr.tv\/en\/wp-json\/wp\/v2\/tags?post=92681"}],"curies":[{"name":"wp","href":"https:\/\/api.w.org\/{rel}","templated":true}]}}