{"id":92723,"date":"2019-06-27T14:23:47","date_gmt":"2019-06-27T12:23:47","guid":{"rendered":"https:\/\/zjarr.tv\/?p=92723"},"modified":"2019-06-27T14:23:47","modified_gmt":"2019-06-27T12:23:47","slug":"voltana-ademi-padit-ne-prokurori-lleshaj-dhe-policine-per-gazin-lotsjelles-ne-proteste","status":"publish","type":"post","link":"https:\/\/zjarr.tv\/en\/voltana-ademi-padit-ne-prokurori-lleshaj-dhe-policine-per-gazin-lotsjelles-ne-proteste\/","title":{"rendered":"Voltana Ademi padit n\u00eb prokurori Lleshaj dhe policin\u00eb p\u00ebr gazin lotsjell\u00ebs n\u00eb protest\u00eb"},"content":{"rendered":"<p>Kryebashkiakja e Shkodr\u00ebs, Voltana Ademi, kall\u00ebzon penalisht Ministrin e Brendsh\u00ebm Sand\u00ebr Lleshaj dhe punonj\u00ebs t\u00eb Policis\u00eb s\u00eb Shtetit p\u00ebr gazin e hedhur ndaj qytetar\u00ebve kund\u00ebr Ram\u00ebs n\u00eb protest\u00ebn e 20 qershorit n\u00eb k\u00ebt\u00eb qytet.<\/p>\n<p>Lleshaj dhe punonj\u00ebsit e policis\u00eb akuzohen \u00a0p\u00ebr \u201cshp\u00ebrdorim detyre\u201d.<\/p>\n<p>Padia \u00ebsht\u00eb depozituar n\u00eb Prokurorin\u00eb e Rrethit Gjyq\u00ebsor Shkod\u00ebr dhe Bashkia e Shkodr\u00ebs k\u00ebrkon edhe \u201cpezullim t\u00eb ushtrimit t\u00eb detyr\u00ebs publike\u201d p\u00ebr personat e kall\u00ebzuar penalisht.<\/p>\n<p>N\u00eb parashtrimin e saj, n\u00eb kall\u00ebzimin penal drejtuar organit t\u00eb Akuz\u00ebs, n\u00ebnvizohet se:<em>\u00a0\u201cN\u00eb cil\u00ebsin\u00eb e Kryetares s\u00eb e bashkis\u00eb Shkod\u00ebr s\u00eb bashku me qytetar\u00ebt e Shkodr\u00ebs po b\u00ebnim manifestim \u00a0paq\u00ebsor , n\u00eb mbrojte t\u00eb t\u00eb drejtave dhe lirive themelore Kushtetuese, mbrojten e drejt\u00ebs s\u00eb vot\u00ebs, e cila \u00ebsht\u00eb parimi kryesor n\u00eb zbatim t\u00eb Kushtetut\u00ebs. \u00a0Manifestimi \u00a0ishte paq\u00ebsor dhe konform dispozitave ligjore n\u00eb fuqi.<\/em><\/p>\n<p><em>Nga ana e \u00a0punonj\u00ebsve t\u00eb Policis\u00eb s\u00eb Shtetit dhe \u00a0punonj\u00ebsve t\u00eb \u00a0Drejtoris\u00eb s\u00eb Policis\u00eb Vendore Shkod\u00ebr, \u00ebsht\u00eb hedhur masivisht gazi me l\u00ebnd\u00eb helmuese mbi qytetaret t\u00eb cil\u00ebt po manifiestonin paq\u00ebsisht n\u00eb qytetin e tyre, situat\u00eb e cila \u00ebsht\u00eb pasqyruar direkt live n\u00eb mediat Lokale dhe Komb\u00ebtare.<\/em><\/p>\n<p><em>Pamjet filmike \u00a0provojn\u00eb qartazi \u00a0se efektiv\u00eb t\u00eb Policis\u00eb s\u00eb Shtetit,dhe drejtues t\u00eb saj si dhe efektiv\u00eb n\u00eb nivel zbatues, dhe me dyshimin e arsyesh\u00ebm p\u00ebr urdh\u00ebr t\u00eb paligjsh\u00ebm t\u00eb Ministrit t\u00eb Brendsh\u00ebm, me an\u00eb t\u00eb veprimeve t\u00eb tyre kan\u00eb konsumuar element\u00eb t\u00eb vepr\u00ebs penale t\u00eb \u201cshp\u00ebrdorimit t\u00eb detyr\u00ebs\u201d parashikuar nga neni 248 i K.Penal.\u201d<\/em><\/p>\n<p>N\u00eb vazhdim t\u00eb kall\u00ebzimit penal, n\u00ebnvizohet se \u201cP\u00ebrdorimi i arm\u00ebve p\u00ebr p\u00ebrhapjen e gazrave irrituese, helmuese \u00ebsht\u00eb kryer duke c\u00ebnuar nenin 47 t\u00eb Kushtetut\u00ebs, nenet 5, 17, 85, 86, 102 dhe 133 t\u00eb ligjit nr. 108\/2014 \u201cP\u00ebr Policin\u00eb e Shtetit\u201d i ndryshuar, nenet 106, 107, 108, 109, 110 dhe 111 t\u00eb VKM Nr. 750, dat\u00eb 16.9.2015 \u201cP\u00ebr miratimin e rregullores s\u00eb Policis\u00eb s\u00eb Shtetit\u201d.\u201d.<\/p>\n<p>Bashkia e Shkodr\u00ebs, n\u00eb kall\u00ebzimin penal p\u00ebr ministrin e brendsh\u00ebm dhe punonj\u00ebs t\u00eb Policis\u00eb s\u00eb Shtetit thot\u00eb se\u00a0<em>\u201csi\u00e7 tregojn\u00eb edhe pamjet filmike, punonj\u00ebsit e Policis\u00eb s\u00eb Shtetit kan\u00eb sulmuar me gaz edhe protestues t\u00eb cilit ishin n\u00eb kushte t\u00eb pamundura sh\u00ebndet\u00ebsore, apo persona q\u00eb po u vinin atyre n\u00eb ndihm\u00eb. Kjo metod\u00eb kriminale, \u00ebsht\u00eb shkelje flagrante e ligjit, q\u00eb v\u00eb n\u00eb rrezik serioz jet\u00ebn e qytetar\u00ebve dhe personave q\u00eb ishin duke i ndihmuar ato&#8230;.<\/em><\/p>\n<p><em>I k\u00ebrkojm\u00eb prokuroris\u00eb q\u00eb t\u00eb hetoj\u00eb se \u00e7far\u00eb urdhrash jan\u00eb dh\u00ebn\u00eb q\u00eb par\u00eb dat\u00ebs 20 qershor 2019 n\u00eb lidhje me protest\u00ebn e k\u00ebsaj date dhe ve\u00e7an\u00ebrisht urdhrat e k\u00ebsaj date n\u00eb lidhje me p\u00ebrdorimin e gazit irritues\/helmues nga ana e policis\u00eb p\u00ebr shp\u00ebrndarjen e protestueve. Kjo do t\u00eb ndante p\u00ebrgjegj\u00ebsin\u00eb ligjore individuale t\u00eb gjith\u00ebsecilit n\u00eb k\u00ebt\u00eb shkelje t\u00eb r\u00ebnd\u00eb ligjore komform k\u00ebsaj pike ligjore,\u201d thuhet n\u00eb kall\u00ebzimin penal t\u00eb b\u00ebr\u00eb nga Bashkia e Shkodr\u00ebs.<\/em><\/p>\n<p>&nbsp;<\/p>","protected":false},"excerpt":{"rendered":"<p>Kryebashkiakja e Shkodr\u00ebs, Voltana Ademi, kall\u00ebzon penalisht Ministrin e Brendsh\u00ebm Sand\u00ebr Lleshaj dhe punonj\u00ebs t\u00eb Policis\u00eb s\u00eb Shtetit p\u00ebr gazin e hedhur ndaj qytetar\u00ebve kund\u00ebr Ram\u00ebs n\u00eb protest\u00ebn e 20 qershorit n\u00eb k\u00ebt\u00eb qytet. Lleshaj dhe punonj\u00ebsit e policis\u00eb akuzohen \u00a0p\u00ebr \u201cshp\u00ebrdorim detyre\u201d. Padia \u00ebsht\u00eb depozituar n\u00eb Prokurorin\u00eb e Rrethit Gjyq\u00ebsor Shkod\u00ebr dhe Bashkia e [&hellip;]<\/p>\n","protected":false},"author":2013,"featured_media":92724,"comment_status":"open","ping_status":"closed","sticky":false,"template":"","format":"standard","meta":{"footnotes":""},"categories":[241,235],"tags":[],"class_list":{"0":"post-92723","1":"post","2":"type-post","3":"status-publish","4":"format-standard","5":"has-post-thumbnail","7":"category-aktualitet","8":"category-vendi"},"_links":{"self":[{"href":"https:\/\/zjarr.tv\/en\/wp-json\/wp\/v2\/posts\/92723","targetHints":{"allow":["GET"]}}],"collection":[{"href":"https:\/\/zjarr.tv\/en\/wp-json\/wp\/v2\/posts"}],"about":[{"href":"https:\/\/zjarr.tv\/en\/wp-json\/wp\/v2\/types\/post"}],"author":[{"embeddable":true,"href":"https:\/\/zjarr.tv\/en\/wp-json\/wp\/v2\/users\/2013"}],"replies":[{"embeddable":true,"href":"https:\/\/zjarr.tv\/en\/wp-json\/wp\/v2\/comments?post=92723"}],"version-history":[{"count":0,"href":"https:\/\/zjarr.tv\/en\/wp-json\/wp\/v2\/posts\/92723\/revisions"}],"wp:featuredmedia":[{"embeddable":true,"href":"https:\/\/zjarr.tv\/en\/wp-json\/wp\/v2\/media\/92724"}],"wp:attachment":[{"href":"https:\/\/zjarr.tv\/en\/wp-json\/wp\/v2\/media?parent=92723"}],"wp:term":[{"taxonomy":"category","embeddable":true,"href":"https:\/\/zjarr.tv\/en\/wp-json\/wp\/v2\/categories?post=92723"},{"taxonomy":"post_tag","embeddable":true,"href":"https:\/\/zjarr.tv\/en\/wp-json\/wp\/v2\/tags?post=92723"}],"curies":[{"name":"wp","href":"https:\/\/api.w.org\/{rel}","templated":true}]}}