{"id":92729,"date":"2019-06-27T14:40:38","date_gmt":"2019-06-27T12:40:38","guid":{"rendered":"https:\/\/zjarr.tv\/?p=92729"},"modified":"2019-06-27T14:40:38","modified_gmt":"2019-06-27T12:40:38","slug":"meta-dekreti-i-ri-zgjedhjet-vendore-ne-13-tetor","status":"publish","type":"post","link":"https:\/\/zjarr.tv\/en\/meta-dekreti-i-ri-zgjedhjet-vendore-ne-13-tetor\/","title":{"rendered":"Meta: Dekreti i ri, zgjedhjet vendore n\u00eb 13 tetor"},"content":{"rendered":"<p>Presidenti i Shqip\u00ebris\u00eb, Ilir Meta ka dekretuar sot dat\u00ebn e re t\u00eb zgjedhjeve t\u00eb p\u00ebrgjithshme vendore n\u00eb 13 tetor.<\/p>\n<p>\u2018Dua ta nis k\u00ebt\u00eb konferenc\u00eb t\u00eb ve\u00e7ant\u00eb shtypi duke iu njohur me dekretin p\u00ebr dat\u00ebn e re t\u00eb zgjedhjeve vendore q\u00eb \u00ebsht\u00eb 13 tetori.<\/p>\n<p>\u00cbsht\u00eb dita m\u00eb e shpejt\u00eb p\u00ebr t\u00eb organizuar zgjedhje vendore.<\/p>\n<p>&nbsp;<\/p>","protected":false},"excerpt":{"rendered":"<p>Presidenti i Shqip\u00ebris\u00eb, Ilir Meta ka dekretuar sot dat\u00ebn e re t\u00eb zgjedhjeve t\u00eb p\u00ebrgjithshme vendore n\u00eb 13 tetor. \u2018Dua ta nis k\u00ebt\u00eb konferenc\u00eb t\u00eb ve\u00e7ant\u00eb shtypi duke iu njohur me dekretin p\u00ebr dat\u00ebn e re t\u00eb zgjedhjeve vendore q\u00eb \u00ebsht\u00eb 13 tetori. \u00cbsht\u00eb dita m\u00eb e shpejt\u00eb p\u00ebr t\u00eb organizuar zgjedhje vendore. &nbsp;<\/p>","protected":false},"author":2013,"featured_media":85288,"comment_status":"open","ping_status":"closed","sticky":false,"template":"","format":"standard","meta":{"footnotes":""},"categories":[241,235],"tags":[],"class_list":{"0":"post-92729","1":"post","2":"type-post","3":"status-publish","4":"format-standard","5":"has-post-thumbnail","7":"category-aktualitet","8":"category-vendi"},"_links":{"self":[{"href":"https:\/\/zjarr.tv\/en\/wp-json\/wp\/v2\/posts\/92729","targetHints":{"allow":["GET"]}}],"collection":[{"href":"https:\/\/zjarr.tv\/en\/wp-json\/wp\/v2\/posts"}],"about":[{"href":"https:\/\/zjarr.tv\/en\/wp-json\/wp\/v2\/types\/post"}],"author":[{"embeddable":true,"href":"https:\/\/zjarr.tv\/en\/wp-json\/wp\/v2\/users\/2013"}],"replies":[{"embeddable":true,"href":"https:\/\/zjarr.tv\/en\/wp-json\/wp\/v2\/comments?post=92729"}],"version-history":[{"count":0,"href":"https:\/\/zjarr.tv\/en\/wp-json\/wp\/v2\/posts\/92729\/revisions"}],"wp:featuredmedia":[{"embeddable":true,"href":"https:\/\/zjarr.tv\/en\/wp-json\/wp\/v2\/media\/85288"}],"wp:attachment":[{"href":"https:\/\/zjarr.tv\/en\/wp-json\/wp\/v2\/media?parent=92729"}],"wp:term":[{"taxonomy":"category","embeddable":true,"href":"https:\/\/zjarr.tv\/en\/wp-json\/wp\/v2\/categories?post=92729"},{"taxonomy":"post_tag","embeddable":true,"href":"https:\/\/zjarr.tv\/en\/wp-json\/wp\/v2\/tags?post=92729"}],"curies":[{"name":"wp","href":"https:\/\/api.w.org\/{rel}","templated":true}]}}