{"id":92731,"date":"2019-06-27T14:46:33","date_gmt":"2019-06-27T12:46:33","guid":{"rendered":"https:\/\/zjarr.tv\/?p=92731"},"modified":"2019-06-27T14:46:33","modified_gmt":"2019-06-27T12:46:33","slug":"zgjedhjet-me-13-tetor-rama-a-ju-thashe-prisni-cmendurine-e-dyte","status":"publish","type":"post","link":"https:\/\/zjarr.tv\/en\/zgjedhjet-me-13-tetor-rama-a-ju-thashe-prisni-cmendurine-e-dyte\/","title":{"rendered":"Zgjedhjet me 13 tetor, Rama: A ju thash\u00eb prisni \u00e7mendurin\u00eb e dyt\u00eb"},"content":{"rendered":"<p>&nbsp;<\/p>\n<p>Pas vendimit t\u00eb kreut t\u00eb shtetit p\u00ebr t\u00eb dekretuar dat\u00ebn 13 tetor si dat\u00eb t\u00eb re zgjedhjesh, ka reaguar kryeministri Edi Rama.<\/p>\n<p>\u201cA ju thash\u00eb prisni \u00e7mendurin\u00eb e dyt\u00eb?\ud83e\udd23Tani thjesht m\u00ebshirojeni\ud83d\ude4fData e nxjerr\u00eb nga filxhani i revolucionit imagjinar \u00ebsht\u00eb nj\u00eb NULLUM ABSOLUTUM<\/p>\n<p>dhe QUOD NULLUM EST NULLUM PRODUCIT EFFECTUM\ud83d\udc4e 30 QERSHORI ESHTE E VETMJA DATE ZGJEDHJESH\ud83c\udde6\ud83c\uddf1\ud83d\udc4a<\/p>\n<p>&nbsp;<\/p>","protected":false},"excerpt":{"rendered":"<p>&nbsp; Pas vendimit t\u00eb kreut t\u00eb shtetit p\u00ebr t\u00eb dekretuar dat\u00ebn 13 tetor si dat\u00eb t\u00eb re zgjedhjesh, ka reaguar kryeministri Edi Rama. \u201cA ju thash\u00eb prisni \u00e7mendurin\u00eb e dyt\u00eb?\ud83e\udd23Tani thjesht m\u00ebshirojeni\ud83d\ude4fData e nxjerr\u00eb nga filxhani i revolucionit imagjinar \u00ebsht\u00eb nj\u00eb NULLUM ABSOLUTUM dhe QUOD NULLUM EST NULLUM PRODUCIT EFFECTUM\ud83d\udc4e 30 QERSHORI ESHTE E VETMJA [&hellip;]<\/p>\n","protected":false},"author":2013,"featured_media":69859,"comment_status":"open","ping_status":"closed","sticky":false,"template":"","format":"standard","meta":{"footnotes":""},"categories":[241,235],"tags":[],"class_list":{"0":"post-92731","1":"post","2":"type-post","3":"status-publish","4":"format-standard","5":"has-post-thumbnail","7":"category-aktualitet","8":"category-vendi"},"_links":{"self":[{"href":"https:\/\/zjarr.tv\/en\/wp-json\/wp\/v2\/posts\/92731","targetHints":{"allow":["GET"]}}],"collection":[{"href":"https:\/\/zjarr.tv\/en\/wp-json\/wp\/v2\/posts"}],"about":[{"href":"https:\/\/zjarr.tv\/en\/wp-json\/wp\/v2\/types\/post"}],"author":[{"embeddable":true,"href":"https:\/\/zjarr.tv\/en\/wp-json\/wp\/v2\/users\/2013"}],"replies":[{"embeddable":true,"href":"https:\/\/zjarr.tv\/en\/wp-json\/wp\/v2\/comments?post=92731"}],"version-history":[{"count":0,"href":"https:\/\/zjarr.tv\/en\/wp-json\/wp\/v2\/posts\/92731\/revisions"}],"wp:featuredmedia":[{"embeddable":true,"href":"https:\/\/zjarr.tv\/en\/wp-json\/wp\/v2\/media\/69859"}],"wp:attachment":[{"href":"https:\/\/zjarr.tv\/en\/wp-json\/wp\/v2\/media?parent=92731"}],"wp:term":[{"taxonomy":"category","embeddable":true,"href":"https:\/\/zjarr.tv\/en\/wp-json\/wp\/v2\/categories?post=92731"},{"taxonomy":"post_tag","embeddable":true,"href":"https:\/\/zjarr.tv\/en\/wp-json\/wp\/v2\/tags?post=92731"}],"curies":[{"name":"wp","href":"https:\/\/api.w.org\/{rel}","templated":true}]}}