{"id":92735,"date":"2019-06-27T15:37:59","date_gmt":"2019-06-27T13:37:59","guid":{"rendered":"https:\/\/zjarr.tv\/?p=92735"},"modified":"2019-06-27T15:37:59","modified_gmt":"2019-06-27T13:37:59","slug":"rezoluta-e-pe-respektoni-dekretin-e-presidentit-per-shtyrjen-e-zgjedhjeve","status":"publish","type":"post","link":"https:\/\/zjarr.tv\/en\/rezoluta-e-pe-respektoni-dekretin-e-presidentit-per-shtyrjen-e-zgjedhjeve\/","title":{"rendered":"Rezoluta e PE: Respektoni dekretin e Presidentit p\u00ebr shtyrjen e zgjedhjeve"},"content":{"rendered":"<p>Grupi i Aleanc\u00ebs s\u00eb Reformist\u00ebve dhe Konservator\u00ebve n\u00eb Parlamentin Europian ka dal\u00eb m\u00eb nj\u00eb rezolut\u00eb urgjente p\u00ebr kriz\u00ebn politike n\u00eb Shqip\u00ebri.<\/p>\n<p>An\u00ebtar\u00ebt e PE-s\u00eb deklarojn\u00eb se Shqip\u00ebria duhet t\u00eb shmang kriz\u00ebn e 30 qershorit dhe t\u00eb marr\u00eb n\u00eb konsiderat\u00eb dekretin e Presidentit p\u00ebr zgjidhjen e situat\u00ebs kritike.<\/p>\n<p>N\u00eb rezolut\u00ebn e miratuar sot nga k\u00ebshilli i ACRE thuhet se:<\/p>\n<p>ACRE deklaron se \u00ebsht\u00eb e nevojshme zgjidhja e kriz\u00ebs politike duke p\u00ebrgatitur terrenin p\u00ebr rivendosjen e standardeve demokratike dhe zgjedhjeve t\u00eb lira dhe t\u00eb ndershme.<\/p>\n<p>Prandaj, edhe nj\u00eb her\u00eb apelojm\u00eb p\u00ebr dialog mes pal\u00ebve, respektim t\u00eb Dekretit t\u00eb Presidentit p\u00ebr shtyrjen e zgjedhjeve, p\u00ebrcaktimi i dat\u00ebs s\u00eb zgjedhjeve dhe duke garantuar kushtet p\u00ebr zgjedhje t\u00eb lira dhe t\u00eb ndershme me nj\u00eb qeveri kalimtare.<\/p>\n<p>&nbsp;<\/p>","protected":false},"excerpt":{"rendered":"<p>Grupi i Aleanc\u00ebs s\u00eb Reformist\u00ebve dhe Konservator\u00ebve n\u00eb Parlamentin Europian ka dal\u00eb m\u00eb nj\u00eb rezolut\u00eb urgjente p\u00ebr kriz\u00ebn politike n\u00eb Shqip\u00ebri. An\u00ebtar\u00ebt e PE-s\u00eb deklarojn\u00eb se Shqip\u00ebria duhet t\u00eb shmang kriz\u00ebn e 30 qershorit dhe t\u00eb marr\u00eb n\u00eb konsiderat\u00eb dekretin e Presidentit p\u00ebr zgjidhjen e situat\u00ebs kritike. N\u00eb rezolut\u00ebn e miratuar sot nga k\u00ebshilli i [&hellip;]<\/p>\n","protected":false},"author":2013,"featured_media":92736,"comment_status":"open","ping_status":"closed","sticky":false,"template":"","format":"standard","meta":{"footnotes":""},"categories":[241,235],"tags":[],"class_list":{"0":"post-92735","1":"post","2":"type-post","3":"status-publish","4":"format-standard","5":"has-post-thumbnail","7":"category-aktualitet","8":"category-vendi"},"_links":{"self":[{"href":"https:\/\/zjarr.tv\/en\/wp-json\/wp\/v2\/posts\/92735","targetHints":{"allow":["GET"]}}],"collection":[{"href":"https:\/\/zjarr.tv\/en\/wp-json\/wp\/v2\/posts"}],"about":[{"href":"https:\/\/zjarr.tv\/en\/wp-json\/wp\/v2\/types\/post"}],"author":[{"embeddable":true,"href":"https:\/\/zjarr.tv\/en\/wp-json\/wp\/v2\/users\/2013"}],"replies":[{"embeddable":true,"href":"https:\/\/zjarr.tv\/en\/wp-json\/wp\/v2\/comments?post=92735"}],"version-history":[{"count":0,"href":"https:\/\/zjarr.tv\/en\/wp-json\/wp\/v2\/posts\/92735\/revisions"}],"wp:featuredmedia":[{"embeddable":true,"href":"https:\/\/zjarr.tv\/en\/wp-json\/wp\/v2\/media\/92736"}],"wp:attachment":[{"href":"https:\/\/zjarr.tv\/en\/wp-json\/wp\/v2\/media?parent=92735"}],"wp:term":[{"taxonomy":"category","embeddable":true,"href":"https:\/\/zjarr.tv\/en\/wp-json\/wp\/v2\/categories?post=92735"},{"taxonomy":"post_tag","embeddable":true,"href":"https:\/\/zjarr.tv\/en\/wp-json\/wp\/v2\/tags?post=92735"}],"curies":[{"name":"wp","href":"https:\/\/api.w.org\/{rel}","templated":true}]}}