{"id":92742,"date":"2019-06-27T15:43:06","date_gmt":"2019-06-27T13:43:06","guid":{"rendered":"https:\/\/zjarr.tv\/?p=92742"},"modified":"2019-06-27T15:43:06","modified_gmt":"2019-06-27T13:43:06","slug":"arrestohet-shqiptari-qe-u-arratis-nga-burgu-emri","status":"publish","type":"post","link":"https:\/\/zjarr.tv\/en\/arrestohet-shqiptari-qe-u-arratis-nga-burgu-emri\/","title":{"rendered":"Arrestohet shqiptari q\u00eb u arratis nga burgu. Emri"},"content":{"rendered":"<p>&nbsp;<\/p>\n<p>Pas disa dit\u00ebsh n\u00eb k\u00ebrkim, policia italiane ka mundur t\u00eb arrestoj\u00eb shqiptarin Lek\u00eb Luca i cili t\u00eb h\u00ebn\u00ebn ( 24 qershor) u arratis nga burgu i Trapanit n\u00eb Si\u00e7ili.<\/p>\n<p>32-vje\u00e7ari Luca u arrestua nd\u00ebrsa po ecte n\u00eb k\u00ebmb\u00eb n\u00eb krah t\u00eb linj\u00ebs hekurudhore Trapani-Palermo.<\/p>\n<p>P\u00ebr disa dit\u00eb ai kishte q\u00ebndruar i fshehur n\u00eb zonat pyjore mes qytezave Dettilo e Paceco.<\/p>\n<p>N\u00eb momentin e arrestimit ka tentuar t\u00eb largohet, por \u00ebsht\u00eb bllokuar nga forcat e rendit.<\/p>\n<p>Lek\u00eb Luca \u00ebsht\u00eb d\u00ebnuar deri m\u00eb 2022 nga drejt\u00ebsia italiane me akuz\u00ebn e trafikut t\u00eb drog\u00ebs. \u00cbsht\u00eb hera e dyt\u00eb q\u00eb ai arratiset nga burgu.<\/p>\n<p>Dy vite m\u00eb par\u00eb s\u00eb bashku me nj\u00eb shqiptar tjet\u00ebr u arratis nga burgu i Civitavehias.<\/p>\n<p>Autoritetet italiane po hetojn\u00eb n\u00ebse n\u00eb arratisjen e tij kan\u00eb ndihmuar dhe bashk\u00ebpun\u00ebtor\u00eb t\u00eb tjer\u00eb<\/p>\n<p>&nbsp;<\/p>","protected":false},"excerpt":{"rendered":"<p>&nbsp; Pas disa dit\u00ebsh n\u00eb k\u00ebrkim, policia italiane ka mundur t\u00eb arrestoj\u00eb shqiptarin Lek\u00eb Luca i cili t\u00eb h\u00ebn\u00ebn ( 24 qershor) u arratis nga burgu i Trapanit n\u00eb Si\u00e7ili. 32-vje\u00e7ari Luca u arrestua nd\u00ebrsa po ecte n\u00eb k\u00ebmb\u00eb n\u00eb krah t\u00eb linj\u00ebs hekurudhore Trapani-Palermo. P\u00ebr disa dit\u00eb ai kishte q\u00ebndruar i fshehur n\u00eb zonat [&hellip;]<\/p>\n","protected":false},"author":2013,"featured_media":92743,"comment_status":"open","ping_status":"closed","sticky":false,"template":"","format":"standard","meta":{"footnotes":""},"categories":[241,235],"tags":[],"class_list":{"0":"post-92742","1":"post","2":"type-post","3":"status-publish","4":"format-standard","5":"has-post-thumbnail","7":"category-aktualitet","8":"category-vendi"},"_links":{"self":[{"href":"https:\/\/zjarr.tv\/en\/wp-json\/wp\/v2\/posts\/92742","targetHints":{"allow":["GET"]}}],"collection":[{"href":"https:\/\/zjarr.tv\/en\/wp-json\/wp\/v2\/posts"}],"about":[{"href":"https:\/\/zjarr.tv\/en\/wp-json\/wp\/v2\/types\/post"}],"author":[{"embeddable":true,"href":"https:\/\/zjarr.tv\/en\/wp-json\/wp\/v2\/users\/2013"}],"replies":[{"embeddable":true,"href":"https:\/\/zjarr.tv\/en\/wp-json\/wp\/v2\/comments?post=92742"}],"version-history":[{"count":0,"href":"https:\/\/zjarr.tv\/en\/wp-json\/wp\/v2\/posts\/92742\/revisions"}],"wp:featuredmedia":[{"embeddable":true,"href":"https:\/\/zjarr.tv\/en\/wp-json\/wp\/v2\/media\/92743"}],"wp:attachment":[{"href":"https:\/\/zjarr.tv\/en\/wp-json\/wp\/v2\/media?parent=92742"}],"wp:term":[{"taxonomy":"category","embeddable":true,"href":"https:\/\/zjarr.tv\/en\/wp-json\/wp\/v2\/categories?post=92742"},{"taxonomy":"post_tag","embeddable":true,"href":"https:\/\/zjarr.tv\/en\/wp-json\/wp\/v2\/tags?post=92742"}],"curies":[{"name":"wp","href":"https:\/\/api.w.org\/{rel}","templated":true}]}}