{"id":92745,"date":"2019-06-27T15:45:37","date_gmt":"2019-06-27T13:45:37","guid":{"rendered":"https:\/\/zjarr.tv\/?p=92745"},"modified":"2019-06-27T15:45:37","modified_gmt":"2019-06-27T13:45:37","slug":"13-tetori-cmenduri-lsi-rames-mblidhi-vezet-e-prishura-e-haji","status":"publish","type":"post","link":"https:\/\/zjarr.tv\/en\/13-tetori-cmenduri-lsi-rames-mblidhi-vezet-e-prishura-e-haji\/","title":{"rendered":"\u201c13 tetori \u00e7menduri\u201d, LSI-Ram\u00ebs: Mblidhi vez\u00ebt e prishura e haji!"},"content":{"rendered":"<p>Nj\u00eb debat i ri politik \u00ebsht\u00eb dit\u00ebn e sotme, teksa Presidenti Ilir Meta ka vendosur t\u00eb dekretoj\u00eb 13 tetorin si dat\u00eb t\u00eb zgjedhjeve vendore.<\/p>\n<p>N\u00ebnkryetari i LSI, Petrit Vasili, ia ka b\u00ebr\u00eb thirrje kryeministrit EdI Rama t\u00eb mbledh\u00eb vez\u00ebt e t\u2019i haj\u00eb, pasi sipas tij, zgjedhjet jan\u00eb m\u00eb 13 tetor.<\/p>\n<p>N\u00eb nj\u00eb p\u00ebrgjigje ndaj kryeministrit, i cili e quajti \u00e7menduri dat\u00ebn e re t\u00eb zgjedhjeve, Vasili shkruan n\u00eb \u201cFacebook\u201d se Rama ka ngecur te \u00e7unat e Shijakut, ku ngroh vez\u00ebt e prishura t\u00eb 30 qershorit.<\/p>\n<p>\u201cCic\u00ebriu prap Rama. Ka ngecur tek foleja e \u00e7unave te Shijakut ku ngroh vezet e prishura te 30 qershorit. Kllo\u00e7ka kryeminister ne 13 tetor jane zgjedhjet. Ndaj mblidhi vezet,haji dhe te befshin mire.<\/p>\n<p>&nbsp;<\/p>","protected":false},"excerpt":{"rendered":"<p>Nj\u00eb debat i ri politik \u00ebsht\u00eb dit\u00ebn e sotme, teksa Presidenti Ilir Meta ka vendosur t\u00eb dekretoj\u00eb 13 tetorin si dat\u00eb t\u00eb zgjedhjeve vendore. N\u00ebnkryetari i LSI, Petrit Vasili, ia ka b\u00ebr\u00eb thirrje kryeministrit EdI Rama t\u00eb mbledh\u00eb vez\u00ebt e t\u2019i haj\u00eb, pasi sipas tij, zgjedhjet jan\u00eb m\u00eb 13 tetor. N\u00eb nj\u00eb p\u00ebrgjigje ndaj kryeministrit, [&hellip;]<\/p>\n","protected":false},"author":2013,"featured_media":58926,"comment_status":"open","ping_status":"closed","sticky":false,"template":"","format":"standard","meta":{"footnotes":""},"categories":[241,235],"tags":[],"class_list":{"0":"post-92745","1":"post","2":"type-post","3":"status-publish","4":"format-standard","5":"has-post-thumbnail","7":"category-aktualitet","8":"category-vendi"},"_links":{"self":[{"href":"https:\/\/zjarr.tv\/en\/wp-json\/wp\/v2\/posts\/92745","targetHints":{"allow":["GET"]}}],"collection":[{"href":"https:\/\/zjarr.tv\/en\/wp-json\/wp\/v2\/posts"}],"about":[{"href":"https:\/\/zjarr.tv\/en\/wp-json\/wp\/v2\/types\/post"}],"author":[{"embeddable":true,"href":"https:\/\/zjarr.tv\/en\/wp-json\/wp\/v2\/users\/2013"}],"replies":[{"embeddable":true,"href":"https:\/\/zjarr.tv\/en\/wp-json\/wp\/v2\/comments?post=92745"}],"version-history":[{"count":0,"href":"https:\/\/zjarr.tv\/en\/wp-json\/wp\/v2\/posts\/92745\/revisions"}],"wp:featuredmedia":[{"embeddable":true,"href":"https:\/\/zjarr.tv\/en\/wp-json\/wp\/v2\/media\/58926"}],"wp:attachment":[{"href":"https:\/\/zjarr.tv\/en\/wp-json\/wp\/v2\/media?parent=92745"}],"wp:term":[{"taxonomy":"category","embeddable":true,"href":"https:\/\/zjarr.tv\/en\/wp-json\/wp\/v2\/categories?post=92745"},{"taxonomy":"post_tag","embeddable":true,"href":"https:\/\/zjarr.tv\/en\/wp-json\/wp\/v2\/tags?post=92745"}],"curies":[{"name":"wp","href":"https:\/\/api.w.org\/{rel}","templated":true}]}}