{"id":92764,"date":"2019-06-27T17:09:04","date_gmt":"2019-06-27T15:09:04","guid":{"rendered":"https:\/\/zjarr.tv\/?p=92764"},"modified":"2019-06-27T17:09:04","modified_gmt":"2019-06-27T15:09:04","slug":"mjeket-e-rinj-ne-greve-24-oreshe-duam-kushte-me-te-mira-ja-kerkesat-qe-kemi-per-tu-kthyer-ne-pune","status":"publish","type":"post","link":"https:\/\/zjarr.tv\/en\/mjeket-e-rinj-ne-greve-24-oreshe-duam-kushte-me-te-mira-ja-kerkesat-qe-kemi-per-tu-kthyer-ne-pune\/","title":{"rendered":"\u2018Mjek\u00ebt e rinj n\u00eb grev\u00eb 24 or\u00ebshe\u2019\/ \u2018Duam kushte m\u00eb t\u00eb mira\u2019, ja k\u00ebrkesat q\u00eb kemi p\u00ebr tu kthyer n\u00eb pun\u00eb"},"content":{"rendered":"<p>Shoqata e Specializant\u00ebve dhe Mjek\u00ebve t\u00eb rinj Shqiptar\u00eb kan\u00eb vendosur t\u00eb bojkotojn\u00eb sh\u00ebrbimet ndaj qytetar\u00ebve p\u00ebr shkak t\u00eb mos pagimit, kushteve dhe disa problemeve t\u00eb tjera.<\/p>\n<p>N\u00eb nj\u00eb k\u00ebrkes\u00eb drejtuar Ministris\u00eb s\u00eb Sh\u00ebndet\u00ebsis\u00eb, asaj t\u00eb Arsimit, Drejtoris\u00eb se QSUT-s\u00eb dhe Dekanatit t\u00eb Fakultetit t\u00eb Mjek\u00ebsis\u00eb, mjek\u00ebt e rinj kan\u00eb vendosur q\u00eb t\u00eb bojkotoj\u00eb sh\u00ebrbimet 24 or\u00ebshe n\u00eb QSUT deri n\u00eb plot\u00ebsimin e k\u00ebrkesave.<\/p>\n<p>Ata k\u00ebrkojn\u00eb pagimin e sh\u00ebrbimeve 24 or\u00ebshe, rikthimin e dhom\u00ebs s\u00eb specializant\u00ebve me kushtet bazike, sigurimin e ushqimit, heqjen e tarif\u00ebs s\u00eb parkingut dhe respektimin e kontrat\u00ebs sipas Kodit t\u00eb Pun\u00ebs.<\/p>\n<p>&#8220;Duke qene se: sherbimet 24 oreshe te mjekeve specializante nuk paguhen, duke mos pasur emrin te lista e menses se QSUT, duke u detyruar te gjithe specializantet te paguajne faturat e parkingut brenda ambjenteve te QSUT dhe qe gjate gjithe kohes punojne ne kushte ekstremisht te veshtira dhe shpesh here nen agresion fizik e verbal, me ne fund vjen qershia mbi torte: specializantet e kirurgjise tashme nuk kane me as dhomen e tyre ne urgjencen e QSUT; Qe sot ne kemi marre kete iniciative nen mbeshtetjen edhe te shume mjekeve primare&#8230;Turp&#8230;!.-thuhet n\u00eb k\u00ebrkes\u00ebn e tyre<\/p>\n<p>&nbsp;<\/p>","protected":false},"excerpt":{"rendered":"<p>Shoqata e Specializant\u00ebve dhe Mjek\u00ebve t\u00eb rinj Shqiptar\u00eb kan\u00eb vendosur t\u00eb bojkotojn\u00eb sh\u00ebrbimet ndaj qytetar\u00ebve p\u00ebr shkak t\u00eb mos pagimit, kushteve dhe disa problemeve t\u00eb tjera. N\u00eb nj\u00eb k\u00ebrkes\u00eb drejtuar Ministris\u00eb s\u00eb Sh\u00ebndet\u00ebsis\u00eb, asaj t\u00eb Arsimit, Drejtoris\u00eb se QSUT-s\u00eb dhe Dekanatit t\u00eb Fakultetit t\u00eb Mjek\u00ebsis\u00eb, mjek\u00ebt e rinj kan\u00eb vendosur q\u00eb t\u00eb bojkotoj\u00eb sh\u00ebrbimet 24 [&hellip;]<\/p>\n","protected":false},"author":2013,"featured_media":68836,"comment_status":"open","ping_status":"closed","sticky":false,"template":"","format":"standard","meta":{"footnotes":""},"categories":[241,235],"tags":[],"class_list":{"0":"post-92764","1":"post","2":"type-post","3":"status-publish","4":"format-standard","5":"has-post-thumbnail","7":"category-aktualitet","8":"category-vendi"},"_links":{"self":[{"href":"https:\/\/zjarr.tv\/en\/wp-json\/wp\/v2\/posts\/92764","targetHints":{"allow":["GET"]}}],"collection":[{"href":"https:\/\/zjarr.tv\/en\/wp-json\/wp\/v2\/posts"}],"about":[{"href":"https:\/\/zjarr.tv\/en\/wp-json\/wp\/v2\/types\/post"}],"author":[{"embeddable":true,"href":"https:\/\/zjarr.tv\/en\/wp-json\/wp\/v2\/users\/2013"}],"replies":[{"embeddable":true,"href":"https:\/\/zjarr.tv\/en\/wp-json\/wp\/v2\/comments?post=92764"}],"version-history":[{"count":0,"href":"https:\/\/zjarr.tv\/en\/wp-json\/wp\/v2\/posts\/92764\/revisions"}],"wp:featuredmedia":[{"embeddable":true,"href":"https:\/\/zjarr.tv\/en\/wp-json\/wp\/v2\/media\/68836"}],"wp:attachment":[{"href":"https:\/\/zjarr.tv\/en\/wp-json\/wp\/v2\/media?parent=92764"}],"wp:term":[{"taxonomy":"category","embeddable":true,"href":"https:\/\/zjarr.tv\/en\/wp-json\/wp\/v2\/categories?post=92764"},{"taxonomy":"post_tag","embeddable":true,"href":"https:\/\/zjarr.tv\/en\/wp-json\/wp\/v2\/tags?post=92764"}],"curies":[{"name":"wp","href":"https:\/\/api.w.org\/{rel}","templated":true}]}}