{"id":92766,"date":"2019-06-27T17:22:06","date_gmt":"2019-06-27T15:22:06","guid":{"rendered":"https:\/\/zjarr.tv\/?p=92766"},"modified":"2019-06-27T17:22:06","modified_gmt":"2019-06-27T15:22:06","slug":"13-tetori-dekret-kombetar-brahimllari-rama-peng-i-krimit-ja-pse-po-shkon-ne-paligjshmeri","status":"publish","type":"post","link":"https:\/\/zjarr.tv\/en\/13-tetori-dekret-kombetar-brahimllari-rama-peng-i-krimit-ja-pse-po-shkon-ne-paligjshmeri\/","title":{"rendered":"\u201813 Tetori Dekret Komb\u00ebtar\u2019\/ Brahimllari: \u2018Rama peng i krimit, ja pse po shkon n\u00eb paligjshm\u00ebri\u2019"},"content":{"rendered":"<p>Ish-deputeti i LSI-s\u00eb, Endrit Brahimllari, duke komentuar dekretin e sot\u00ebm t\u00eb Presidentit Meta q\u00eb cakton dat\u00ebn 13 tetor si dat\u00ebn e zgjedhjeve lokale, shkruan se dekreti i Presidentit Meta \u00ebsht\u00eb dekret Komb\u00ebtar i cili bashkon shqiptar\u00ebt dhe nuk i p\u00ebr\u00e7an.<\/p>\n<p>Sipas Brahimllarit, kjo \u00ebsht\u00eb edhe arsyeja pse Edi Rama k\u00ebrkon t\u00eb shkoj\u00eb n\u00eb paligjshm\u00ebri dhe nuk shk\u00ebputet dot nga strukturat kriminale t\u00eb cilat e kan\u00eb marr\u00eb peng<\/p>\n<p>\u2018Edi Rama eshte i kapur nga krimi i organizuar, nga oligarkia dhe nga korrupsioni i tij qeveritar.<\/p>\n<p>Arsyeja pse Edi Rama kerkon te shkoje ne paligjshmeri me 30 Qershor ka te beje me faktin se ai nuk shkeputet dot nga strukturat kriminale te cilat e kane marre peng .<\/p>\n<p>Edi Rama dhe deputetet e tij falen tek krimi i organizuar ndersa Shqiptaret kerkojne ta ndertojne te ardhmen ne vendin e tyre !Dekreti i Presidentit per te mbajtur zgjedhjet me 13 Tetor eshte dekret kombetar i cili bashkon shqiptaret dhe nuk i per\u00e7an.<\/p>\n<p>Detyra e Edi Rames eshte te nxise dhune dhe te per\u00e7aj\u00eb shqiptaret .<\/p>\n<p>Detyra e nje burri shteti eshte te bashkoje qytetaret e tij duke ofruar shprese dhe besim se ky vend do te behet.<\/p>\n<p>Shqiperia nuk mund te rrije peng i nje Kryeministri te cmendur dhe i zagareve te tij politike .<\/p>\n<p>Shqiperia eshte e shqiptareve, e te rinjve dhe te rejave qe duan ta ndertojne te ardhmen ne vendin e tyre .\u201d, shkruan Brahimllari.<\/p>\n<p>&nbsp;<\/p>","protected":false},"excerpt":{"rendered":"<p>Ish-deputeti i LSI-s\u00eb, Endrit Brahimllari, duke komentuar dekretin e sot\u00ebm t\u00eb Presidentit Meta q\u00eb cakton dat\u00ebn 13 tetor si dat\u00ebn e zgjedhjeve lokale, shkruan se dekreti i Presidentit Meta \u00ebsht\u00eb dekret Komb\u00ebtar i cili bashkon shqiptar\u00ebt dhe nuk i p\u00ebr\u00e7an. Sipas Brahimllarit, kjo \u00ebsht\u00eb edhe arsyeja pse Edi Rama k\u00ebrkon t\u00eb shkoj\u00eb n\u00eb paligjshm\u00ebri dhe [&hellip;]<\/p>\n","protected":false},"author":2013,"featured_media":57698,"comment_status":"open","ping_status":"closed","sticky":false,"template":"","format":"standard","meta":{"footnotes":""},"categories":[241,235],"tags":[],"class_list":{"0":"post-92766","1":"post","2":"type-post","3":"status-publish","4":"format-standard","5":"has-post-thumbnail","7":"category-aktualitet","8":"category-vendi"},"_links":{"self":[{"href":"https:\/\/zjarr.tv\/en\/wp-json\/wp\/v2\/posts\/92766","targetHints":{"allow":["GET"]}}],"collection":[{"href":"https:\/\/zjarr.tv\/en\/wp-json\/wp\/v2\/posts"}],"about":[{"href":"https:\/\/zjarr.tv\/en\/wp-json\/wp\/v2\/types\/post"}],"author":[{"embeddable":true,"href":"https:\/\/zjarr.tv\/en\/wp-json\/wp\/v2\/users\/2013"}],"replies":[{"embeddable":true,"href":"https:\/\/zjarr.tv\/en\/wp-json\/wp\/v2\/comments?post=92766"}],"version-history":[{"count":0,"href":"https:\/\/zjarr.tv\/en\/wp-json\/wp\/v2\/posts\/92766\/revisions"}],"wp:featuredmedia":[{"embeddable":true,"href":"https:\/\/zjarr.tv\/en\/wp-json\/wp\/v2\/media\/57698"}],"wp:attachment":[{"href":"https:\/\/zjarr.tv\/en\/wp-json\/wp\/v2\/media?parent=92766"}],"wp:term":[{"taxonomy":"category","embeddable":true,"href":"https:\/\/zjarr.tv\/en\/wp-json\/wp\/v2\/categories?post=92766"},{"taxonomy":"post_tag","embeddable":true,"href":"https:\/\/zjarr.tv\/en\/wp-json\/wp\/v2\/tags?post=92766"}],"curies":[{"name":"wp","href":"https:\/\/api.w.org\/{rel}","templated":true}]}}