{"id":92768,"date":"2019-06-27T17:23:30","date_gmt":"2019-06-27T15:23:30","guid":{"rendered":"https:\/\/zjarr.tv\/?p=92768"},"modified":"2019-06-27T17:23:30","modified_gmt":"2019-06-27T15:23:30","slug":"engel-per-situaten-ne-shqiperijo-dhunesti-hapet-rruge-dialogut","status":"publish","type":"post","link":"https:\/\/zjarr.tv\/en\/engel-per-situaten-ne-shqiperijo-dhunesti-hapet-rruge-dialogut\/","title":{"rendered":"Engel p\u00ebr situat\u00ebn n\u00eb Shqip\u00ebri:Jo dhun\u00ebs,t\u2019i hapet rrug\u00eb dialogut"},"content":{"rendered":"<p>Kreu i Komisionit t\u00eb Jasht\u00ebm n\u00eb Kongresin Amerikan, Eliot L.Engel, ka b\u00ebr\u00eb nj\u00eb ddeklarat\u00eb sot n\u00eb lidhje me situat\u00ebn politike n\u00eb Shqip\u00ebri.<\/p>\n<p>Engel shprehet i shqet\u00ebsuar p\u00ebr situat\u00ebn n\u00eb vendin ton\u00eb. Ai thot\u00eb se pal\u00ebt politike nuk duhet q\u00eb t\u2019ia lejojn\u00eb vetes dhun\u00ebn, kurse shton se duhet me patjet\u00ebr q\u00eb t\u2019i hapet rruga dialogut.<\/p>\n<p>Deklarata e Eliot Engel:<\/p>\n<p>Shqip\u00ebria ka b\u00ebr\u00eb hapa t\u00eb m\u00ebdha q\u00eb prej viteve t\u00eb saj n\u00ebn diktatur\u00ebn e Enver Hoxh\u00ebs dhe populli shqiptar ka investuar shum\u00eb p\u00ebr t\u00eb par\u00eb rr\u00ebnj\u00ebt e demokracis\u00eb s\u00eb tyre. Marr\u00ebdh\u00ebnia e fort\u00eb dhe e ngroht\u00eb e SHBA-Shqip\u00ebri ka ndihmuar n\u00eb nxitjen e k\u00ebtyre zhvillimeve. Prandaj, un\u00eb jam shum\u00eb i shqet\u00ebsuar nga ajo q\u00eb d\u00ebshmoj n\u00eb dit\u00ebt dhe jav\u00ebt e fundit, pasi udh\u00ebheq\u00ebsit politik\u00eb shqiptar\u00eb duket se kan\u00eb arritur nj\u00eb bllokim politik.<\/p>\n<p>N\u00eb nj\u00eb p\u00ebrpjekje p\u00ebr t\u00eb zvog\u00ebluar tensionet dhe p\u00ebr t\u2019u larguar nga konfrontimet, u b\u00ebj thirrje t\u00eb gjitha pal\u00ebve t\u00eb ushtrojn\u00eb kufizimet m\u00eb t\u00eb m\u00ebdha dhe t\u00eb ndalojn\u00eb t\u00eb gjitha aktet e dhun\u00ebs. Ky mosmarr\u00ebveshje mund t\u00eb zgjidhet vet\u00ebm me dialog dhe sipas sundimit t\u00eb ligjit.<\/p>\n<p>Shqip\u00ebria \u00ebsht\u00eb an\u00ebtare e NATO-s dhe meriton nj\u00eb t\u00eb ardhme evropiane, por krizat e p\u00ebrs\u00ebritura rreth zgjedhjeve minojn\u00eb at\u00eb rrug\u00eb p\u00ebrpara. Un\u00eb i b\u00ebj thirrje popullit shqiptar t\u00eb rifitoj\u00eb veten p\u00ebr nj\u00eb angazhim politik paq\u00ebsor dhe p\u00ebr nj\u00eb proces zgjedhor t\u00eb denj\u00eb p\u00ebr nj\u00eb an\u00ebtar t\u00eb familjes demokratike t\u00eb Atlantikut t\u00eb Veriut t\u00eb kombeve demokratike.<\/p>\n<p>&nbsp;<\/p>","protected":false},"excerpt":{"rendered":"<p>Kreu i Komisionit t\u00eb Jasht\u00ebm n\u00eb Kongresin Amerikan, Eliot L.Engel, ka b\u00ebr\u00eb nj\u00eb ddeklarat\u00eb sot n\u00eb lidhje me situat\u00ebn politike n\u00eb Shqip\u00ebri. Engel shprehet i shqet\u00ebsuar p\u00ebr situat\u00ebn n\u00eb vendin ton\u00eb. Ai thot\u00eb se pal\u00ebt politike nuk duhet q\u00eb t\u2019ia lejojn\u00eb vetes dhun\u00ebn, kurse shton se duhet me patjet\u00ebr q\u00eb t\u2019i hapet rruga dialogut. Deklarata [&hellip;]<\/p>\n","protected":false},"author":2013,"featured_media":81872,"comment_status":"open","ping_status":"closed","sticky":false,"template":"","format":"standard","meta":{"footnotes":""},"categories":[241,235],"tags":[],"class_list":{"0":"post-92768","1":"post","2":"type-post","3":"status-publish","4":"format-standard","5":"has-post-thumbnail","7":"category-aktualitet","8":"category-vendi"},"_links":{"self":[{"href":"https:\/\/zjarr.tv\/en\/wp-json\/wp\/v2\/posts\/92768","targetHints":{"allow":["GET"]}}],"collection":[{"href":"https:\/\/zjarr.tv\/en\/wp-json\/wp\/v2\/posts"}],"about":[{"href":"https:\/\/zjarr.tv\/en\/wp-json\/wp\/v2\/types\/post"}],"author":[{"embeddable":true,"href":"https:\/\/zjarr.tv\/en\/wp-json\/wp\/v2\/users\/2013"}],"replies":[{"embeddable":true,"href":"https:\/\/zjarr.tv\/en\/wp-json\/wp\/v2\/comments?post=92768"}],"version-history":[{"count":0,"href":"https:\/\/zjarr.tv\/en\/wp-json\/wp\/v2\/posts\/92768\/revisions"}],"wp:featuredmedia":[{"embeddable":true,"href":"https:\/\/zjarr.tv\/en\/wp-json\/wp\/v2\/media\/81872"}],"wp:attachment":[{"href":"https:\/\/zjarr.tv\/en\/wp-json\/wp\/v2\/media?parent=92768"}],"wp:term":[{"taxonomy":"category","embeddable":true,"href":"https:\/\/zjarr.tv\/en\/wp-json\/wp\/v2\/categories?post=92768"},{"taxonomy":"post_tag","embeddable":true,"href":"https:\/\/zjarr.tv\/en\/wp-json\/wp\/v2\/tags?post=92768"}],"curies":[{"name":"wp","href":"https:\/\/api.w.org\/{rel}","templated":true}]}}