{"id":92772,"date":"2019-06-27T17:26:03","date_gmt":"2019-06-27T15:26:03","guid":{"rendered":"https:\/\/zjarr.tv\/?p=92772"},"modified":"2019-06-27T17:26:03","modified_gmt":"2019-06-27T15:26:03","slug":"gjosha-13-tetori-mundesi-e-mire-per-shqiperine-europiaine","status":"publish","type":"post","link":"https:\/\/zjarr.tv\/en\/gjosha-13-tetori-mundesi-e-mire-per-shqiperine-europiaine\/","title":{"rendered":"Gjosha: 13 tetori, mund\u00ebsi e mir\u00eb p\u00ebr Shqip\u00ebrin\u00eb europiaine"},"content":{"rendered":"<p>Ish-ministrja e Integrimit Klajda Gjosha me an\u00eb t\u00eb nj\u00eb statusi n\u00eb \u201cFacebook\u201d shkruan se presidenti Ilir Meta ka marr\u00eb sot nj\u00eb vendim prej burr\u00eb shteti, pasi vendosi q\u00eb zgjedhjet t\u00eb mbahen m\u00eb dat\u00eb 13 tetor.<\/p>\n<p>Gjosha shprehet se 13 tetori \u00ebsht\u00eb nj\u00eb shans i mir\u00eb p\u00ebr Shqip\u00ebrin\u00eb europiane, nd\u00ebrsa fton qytetar\u00ebt q\u00eb t\u00eb reflektojn\u00eb.<\/p>\n<p><strong>Postimi i Klajda Gjosh\u00ebs:<\/strong><\/p>\n<p>Dekreti i Presidentit p\u00ebr dat\u00ebn e zgjedhjeve, i jep nj\u00eb frym\u00ebmarrje aren\u00ebs s\u00eb zymt\u00eb politike dhe mbi t\u00eb gjitha i jep nj\u00eb mund\u00ebsi qytetar\u00ebve t\u2019i rikthehen normalitetit! P\u00ebrpjekja e nj\u00eb burri shteti p\u00ebr ta vendosur vendin n\u00eb shinat ligjor\u00eb dhe Kushtetues \u00ebsht\u00eb p\u00ebr t\u2019u vler\u00ebsuar si nga opozita, mazhoranca por edhe nga cdo qytetar\u00eb i thjesht\u00eb, q\u00eb mendon p\u00ebr t\u00eb mir\u00ebn e p\u00ebrbashk\u00ebt t\u00eb Shqip\u00ebris\u00eb!<\/p>\n<p>Reagimi i qeveris\u00eb dhe Kryeministrit vazhdon t\u00eb mbetet mediok\u00ebr, me mentalitet t\u00eb vjet\u00ebr konfliktual, veshur me arroganc\u00eb pushteti! Nj\u00eb grusht autokrat\u00ebsh q\u00eb kan\u00eb frik\u00eb nga dialogu, kan\u00eb frik\u00eb nga zgjedhjet e lira dhe t\u00eb ndershme, kan\u00eb frik\u00eb nga clirimi i politik\u00ebs me grupet e interesit sepse s\u2019kan\u00eb m\u00eb asgj\u00eb p\u00ebr t\u00eb ofruar!<\/p>\n<p>Shqip\u00ebria ndodhet n\u00eb momente kritike! Sot historia e Shqip\u00ebris\u00eb ka shansin t\u00eb shkruhet ndryshe, me p\u00ebrpjekjet p\u00ebr t\u00eb shp\u00ebtuar demokracin\u00eb! Sot historia mund t\u00eb shkruhet mbi toleranc\u00ebn, solidaritetin, mund\u00ebsin\u00eb q\u00eb politika t\u00eb di t\u00eb t\u00ebrhiqet pa prekur ende katastrof\u00ebn!<\/p>\n<p>13 Tetori \u00ebsht\u00eb nj\u00eb mund\u00ebsi e mir\u00eb p\u00ebr Shqip\u00ebrin\u00eb europiane. Sa m\u00eb t\u00eb p\u00ebrgjegjsh\u00ebm t\u00eb jemi sot, do t\u2019i kursejm\u00eb vendit degradimin e shum\u00eb viteve n\u00eb vijim!<\/p>\n<p>Politika t\u00eb reflektoj\u00eb sa nuk \u00ebsht\u00eb von\u00eb!<\/p>\n<p>&nbsp;<\/p>","protected":false},"excerpt":{"rendered":"<p>Ish-ministrja e Integrimit Klajda Gjosha me an\u00eb t\u00eb nj\u00eb statusi n\u00eb \u201cFacebook\u201d shkruan se presidenti Ilir Meta ka marr\u00eb sot nj\u00eb vendim prej burr\u00eb shteti, pasi vendosi q\u00eb zgjedhjet t\u00eb mbahen m\u00eb dat\u00eb 13 tetor. Gjosha shprehet se 13 tetori \u00ebsht\u00eb nj\u00eb shans i mir\u00eb p\u00ebr Shqip\u00ebrin\u00eb europiane, nd\u00ebrsa fton qytetar\u00ebt q\u00eb t\u00eb reflektojn\u00eb. Postimi [&hellip;]<\/p>\n","protected":false},"author":2013,"featured_media":38143,"comment_status":"open","ping_status":"closed","sticky":false,"template":"","format":"standard","meta":{"footnotes":""},"categories":[241,235],"tags":[],"class_list":{"0":"post-92772","1":"post","2":"type-post","3":"status-publish","4":"format-standard","5":"has-post-thumbnail","7":"category-aktualitet","8":"category-vendi"},"_links":{"self":[{"href":"https:\/\/zjarr.tv\/en\/wp-json\/wp\/v2\/posts\/92772","targetHints":{"allow":["GET"]}}],"collection":[{"href":"https:\/\/zjarr.tv\/en\/wp-json\/wp\/v2\/posts"}],"about":[{"href":"https:\/\/zjarr.tv\/en\/wp-json\/wp\/v2\/types\/post"}],"author":[{"embeddable":true,"href":"https:\/\/zjarr.tv\/en\/wp-json\/wp\/v2\/users\/2013"}],"replies":[{"embeddable":true,"href":"https:\/\/zjarr.tv\/en\/wp-json\/wp\/v2\/comments?post=92772"}],"version-history":[{"count":0,"href":"https:\/\/zjarr.tv\/en\/wp-json\/wp\/v2\/posts\/92772\/revisions"}],"wp:featuredmedia":[{"embeddable":true,"href":"https:\/\/zjarr.tv\/en\/wp-json\/wp\/v2\/media\/38143"}],"wp:attachment":[{"href":"https:\/\/zjarr.tv\/en\/wp-json\/wp\/v2\/media?parent=92772"}],"wp:term":[{"taxonomy":"category","embeddable":true,"href":"https:\/\/zjarr.tv\/en\/wp-json\/wp\/v2\/categories?post=92772"},{"taxonomy":"post_tag","embeddable":true,"href":"https:\/\/zjarr.tv\/en\/wp-json\/wp\/v2\/tags?post=92772"}],"curies":[{"name":"wp","href":"https:\/\/api.w.org\/{rel}","templated":true}]}}