{"id":92774,"date":"2019-06-27T17:27:13","date_gmt":"2019-06-27T15:27:13","guid":{"rendered":"https:\/\/zjarr.tv\/?p=92774"},"modified":"2019-06-27T17:27:13","modified_gmt":"2019-06-27T15:27:13","slug":"hapet-by-pass-fier-brace-pune-jo-dekret-e-zhdekret","status":"publish","type":"post","link":"https:\/\/zjarr.tv\/en\/hapet-by-pass-fier-brace-pune-jo-dekret-e-zhdekret\/","title":{"rendered":"Hapet By Pass Fier, Bra\u00e7e: Pun\u00eb, jo dekret e zhdekret!"},"content":{"rendered":"<p>Z\u00ebvend\u00ebskryeministri Erjon Bra\u00e7e ka deklaruar se \u00ebsht\u00eb hapur sot By Pass-i i Fierit. Duke shp\u00ebrndar\u00eb nj\u00eb video t\u00eb rrug\u00ebs n\u00eb \u201cIsntagram\u201d, Bra\u00e7e shkruan se u desh t\u00eb vinin socialist\u00ebt n\u00eb pushtet p\u00ebr ta p\u00ebrmbyllur.<\/p>\n<p>Sipas tij, opozita vodhi sa plasi, madje vodhi edhe n\u00ebnkontraktor\u00ebt, e lan\u00eb dhe ik\u00ebn nga By Pass i Fierit. M\u00eb tej, zv.kryeministri shton se me t\u00eb ardhur n\u00eb pushtet socialist\u00ebt prish\u00ebn t\u00eb gjitha marr\u00ebveshjet korruptive t\u00eb opozit\u00ebs dhe filluan pun\u00ebn.<\/p>\n<p>\u201cVOTA BEN PUSHTETIN! PUNA E MBAN PUSHTETIN! As kapardisja, as mburrja, as arroganca, as njeanshmeria, as partishmeria, as dekreti, as c\u2019dekreti, as firma e as vula! Puuuuuuunaaaaaaaaa! Sherbimi per njerezit!<\/p>\n<p>Me ne fund, pasi e tenderuan skandalozisht, pasi caktuan vete nenkontraktorin, pasi vodhen sa plasen, madje pasi vodhen edhe nenkontraktoret e nenkontraktorit, e lane dhe iken nga By Pass i Fierit, segmenti kyc per gjithe Jugun e vendit!<\/p>\n<p>Duhet te vinim Ne per te prishur gjithe marreveshjet korruptive te ketyre, te clironim punet, punen ne kete rast, te benim rrugen e ta hapnim sot: BY PASS I FIERIT ESHTE HAPUR NGA SOT! Bravo ministre Balluku, pune e bere per tani, pune qe duhet te vijoje deri ne fund!\u201d, shkrua Bra\u00e7e.<\/p>\n<p>&nbsp;<\/p>","protected":false},"excerpt":{"rendered":"<p>Z\u00ebvend\u00ebskryeministri Erjon Bra\u00e7e ka deklaruar se \u00ebsht\u00eb hapur sot By Pass-i i Fierit. Duke shp\u00ebrndar\u00eb nj\u00eb video t\u00eb rrug\u00ebs n\u00eb \u201cIsntagram\u201d, Bra\u00e7e shkruan se u desh t\u00eb vinin socialist\u00ebt n\u00eb pushtet p\u00ebr ta p\u00ebrmbyllur. Sipas tij, opozita vodhi sa plasi, madje vodhi edhe n\u00ebnkontraktor\u00ebt, e lan\u00eb dhe ik\u00ebn nga By Pass i Fierit. M\u00eb tej, [&hellip;]<\/p>\n","protected":false},"author":2013,"featured_media":69795,"comment_status":"open","ping_status":"closed","sticky":false,"template":"","format":"standard","meta":{"footnotes":""},"categories":[241,235],"tags":[],"class_list":{"0":"post-92774","1":"post","2":"type-post","3":"status-publish","4":"format-standard","5":"has-post-thumbnail","7":"category-aktualitet","8":"category-vendi"},"_links":{"self":[{"href":"https:\/\/zjarr.tv\/en\/wp-json\/wp\/v2\/posts\/92774","targetHints":{"allow":["GET"]}}],"collection":[{"href":"https:\/\/zjarr.tv\/en\/wp-json\/wp\/v2\/posts"}],"about":[{"href":"https:\/\/zjarr.tv\/en\/wp-json\/wp\/v2\/types\/post"}],"author":[{"embeddable":true,"href":"https:\/\/zjarr.tv\/en\/wp-json\/wp\/v2\/users\/2013"}],"replies":[{"embeddable":true,"href":"https:\/\/zjarr.tv\/en\/wp-json\/wp\/v2\/comments?post=92774"}],"version-history":[{"count":0,"href":"https:\/\/zjarr.tv\/en\/wp-json\/wp\/v2\/posts\/92774\/revisions"}],"wp:featuredmedia":[{"embeddable":true,"href":"https:\/\/zjarr.tv\/en\/wp-json\/wp\/v2\/media\/69795"}],"wp:attachment":[{"href":"https:\/\/zjarr.tv\/en\/wp-json\/wp\/v2\/media?parent=92774"}],"wp:term":[{"taxonomy":"category","embeddable":true,"href":"https:\/\/zjarr.tv\/en\/wp-json\/wp\/v2\/categories?post=92774"},{"taxonomy":"post_tag","embeddable":true,"href":"https:\/\/zjarr.tv\/en\/wp-json\/wp\/v2\/tags?post=92774"}],"curies":[{"name":"wp","href":"https:\/\/api.w.org\/{rel}","templated":true}]}}